{"id":10442,"date":"2021-06-07T18:46:58","date_gmt":"2021-06-07T21:46:58","guid":{"rendered":"https:\/\/chacosintesis.com.ar\/?p=10442"},"modified":"2021-06-07T19:06:55","modified_gmt":"2021-06-07T22:06:55","slug":"cuando-arranca-la-anses-a-pagar-el-plus-de-7-000-para-beneficiarios-de-auh","status":"publish","type":"post","link":"https:\/\/chacosintesis.com.ar\/index.php\/cuando-arranca-la-anses-a-pagar-el-plus-de-7-000-para-beneficiarios-de-auh\/","title":{"rendered":"Cu\u00e1ndo arranca la Anses a pagar el plus de $7.000 para beneficiarios de AUH"},"content":{"rendered":"<div dir=\"ltr\">Seg\u00fan se inform\u00f3 formalmente, la medida tiene como objetivo acompa\u00f1ar a las familias con un ingreso extra en el marco de la emergencia econ\u00f3mica por los efectos de la pandemia.<\/p>\n<p>Inicialmente, el complemento se otorgar\u00e1 a 743.000 titulares de la AUH que hayan cargado la declaraci\u00f3n jurada hasta el 30 de abril en la aplicaci\u00f3n Mi Anses.<\/p>\n<p>La misma acredita la condicionalidad de escolaridad y salud necesaria para percibir este plus correspondiente a 2020.<\/p>\n<p>\u201cDe esta manera, cada titular percibir\u00e1 la suma de $7083,40 por hijo. A partir del mes que viene se completar\u00e1 el pago para el resto de los titulares que presentaron la declaraci\u00f3n jurada en una fecha posterior\u201d, inform\u00f3 la Anses a trav\u00e9s de un comunicado.<\/p>\n<p>El calendario de pago iniciar\u00e1 el martes 8 de junio y se extender\u00e1 hasta el 22. Para percibirlo no se requerir\u00e1 ning\u00fan tr\u00e1mite adicional, por lo que cada titular recibir\u00e1 el monto en su medio de pago habitual y en la misma fecha.<\/p><\/div>\n","protected":false},"excerpt":{"rendered":"<p>Seg\u00fan se inform\u00f3 formalmente, la medida tiene como objetivo acompa\u00f1ar a las familias con un ingreso extra en el marco de la emergencia econ\u00f3mica por los efectos de la pandemia. Inicialmente, el complemento se otorgar\u00e1 a 743.000 titulares de la AUH que hayan cargado la declaraci\u00f3n jurada hasta el 30 de abril en la aplicaci\u00f3n [&hellip;]<\/p>\n","protected":false},"author":1,"featured_media":10443,"comment_status":"closed","ping_status":"closed","sticky":false,"template":"","format":"standard","meta":{"footnotes":""},"categories":[8],"tags":[],"class_list":{"0":"post-10442","1":"post","2":"type-post","3":"status-publish","4":"format-standard","5":"has-post-thumbnail","7":"category-nacionales"},"_links":{"self":[{"href":"https:\/\/chacosintesis.com.ar\/index.php\/wp-json\/wp\/v2\/posts\/10442","targetHints":{"allow":["GET"]}}],"collection":[{"href":"https:\/\/chacosintesis.com.ar\/index.php\/wp-json\/wp\/v2\/posts"}],"about":[{"href":"https:\/\/chacosintesis.com.ar\/index.php\/wp-json\/wp\/v2\/types\/post"}],"author":[{"embeddable":true,"href":"https:\/\/chacosintesis.com.ar\/index.php\/wp-json\/wp\/v2\/users\/1"}],"replies":[{"embeddable":true,"href":"https:\/\/chacosintesis.com.ar\/index.php\/wp-json\/wp\/v2\/comments?post=10442"}],"version-history":[{"count":0,"href":"https:\/\/chacosintesis.com.ar\/index.php\/wp-json\/wp\/v2\/posts\/10442\/revisions"}],"wp:featuredmedia":[{"embeddable":true,"href":"https:\/\/chacosintesis.com.ar\/index.php\/wp-json\/wp\/v2\/media\/10443"}],"wp:attachment":[{"href":"https:\/\/chacosintesis.com.ar\/index.php\/wp-json\/wp\/v2\/media?parent=10442"}],"wp:term":[{"taxonomy":"category","embeddable":true,"href":"https:\/\/chacosintesis.com.ar\/index.php\/wp-json\/wp\/v2\/categories?post=10442"},{"taxonomy":"post_tag","embeddable":true,"href":"https:\/\/chacosintesis.com.ar\/index.php\/wp-json\/wp\/v2\/tags?post=10442"}],"curies":[{"name":"wp","href":"https:\/\/api.w.org\/{rel}","templated":true}]}}