{"id":10435,"date":"2021-06-07T09:33:04","date_gmt":"2021-06-07T12:33:04","guid":{"rendered":"https:\/\/chacosintesis.com.ar\/?p=10435"},"modified":"2021-06-07T09:36:40","modified_gmt":"2021-06-07T12:36:40","slug":"eduardo-duhalde-voy-a-tratar-por-todos-los-medios-que-este-gobierno-no-pueda-seguir","status":"publish","type":"post","link":"https:\/\/chacosintesis.com.ar\/index.php\/eduardo-duhalde-voy-a-tratar-por-todos-los-medios-que-este-gobierno-no-pueda-seguir\/","title":{"rendered":"Eduardo Duhalde: \u201cVoy a tratar por todos los medios que este Gobierno no pueda seguir\u201d"},"content":{"rendered":"<div dir=\"ltr\">El ex presidente asegur\u00f3 que trabaja para formar una nueva alternativa pol\u00edtica de cara a las elecciones, con el objetivo de \u201ctratar de lograr la unidad de los argentinos\u201d<\/p>\n<p>A pocos meses de las pr\u00f3ximas elecciones legislativas el ex presidente Eduardo Duhalde volvi\u00f3 a dar una pol\u00e9mica advertencia al asegurar que va \u201ca tratar por todos los medios que este Gobierno no pueda seguir\u201d en el poder, porque consider\u00f3 que \u201cno tiene capacidad\u201d para administrar el pa\u00eds.<\/p>\n<p>El ex mandatario nacional cuestion\u00f3 fuertemente la actual gesti\u00f3n del Frente de Todos y, si bien a\u00fan no confirm\u00f3 su candidatura, anticip\u00f3 que trabaja para construir una alternativa pol\u00edtica en la que confluyan diferentes espacios.<\/p>\n<p>\u201cHasta finales de este mes estoy tomando la decisi\u00f3n de c\u00f3mo vamos a jugar pero la idea es tratar de lograr la unidad de los argentinos. Yo s\u00e9 que para la mayor\u00eda es una utop\u00eda, pero he hablado con todos los partidos, me falta hacerlo con el presidente del Partido Justicialista (Alberto Fern\u00e1ndez), que no s\u00e9 para qu\u00e9 es presidente si no se ocupa del partido. Hoy mismo le escrib\u00ed que si no se puede ocupar porque tiene mucho trabajo que designe a otro compa\u00f1ero. Todav\u00eda no me respondi\u00f3, espero que ma\u00f1ana lo haga\u201d, explic\u00f3.<\/p>\n<p>Durante una entrevista a distancia con Cr\u00f3nica TV, el dirigente peronista se\u00f1al\u00f3 que durante el kirchnerismo ha \u201csido un cr\u00edtico muy severo\u201d pero remarc\u00f3 que \u201cnunca\u201d lo personaliz\u00f3, aunque tambi\u00e9n aclar\u00f3 que \u00e9l \u201cno podr\u00eda estar (en una alianza) con Cristina Kirchner\u201d, porque la vicepresidenta \u201cno lo quiere a Per\u00f3n\u201d.<\/p>\n<p>En esta l\u00ednea, el ex jefe de Estado se manifest\u00f3 en contra de la postura ideol\u00f3gica que tiene la titular del Senado, a la que consider\u00f3 como \u201cuna persona que se cree de izquierda\u201d, al tiempo que destac\u00f3 que el PJ \u201ces el gran movimiento del centro\u201d.<\/p>\n<p>\u201cNosotros entendemos a la sociedad argentina, que tampoco es de extrema izquierda o de extrema derecha. Entonces, yo voy a insistir, por lo menos, por este mes. Despu\u00e9s, por supuesto, voy a tratar por todos los medios que este Gobierno no pueda seguir gobernando porque no tiene capacidad para hacerlo\u201d, anunci\u00f3.<\/p>\n<p>Inmediatamente, los conductores del programa le preguntaron a qu\u00e9 se estaba refiriendo con esa advertencia, pero el ex secretario de Comercio Guillermo Moreno, que estaba en el piso del canal y tambi\u00e9n participaba de la entrevista, lo defendi\u00f3 y sostuvo que el ex Presidente \u201cfue clarito\u201d con lo que dijo: \u201cEstaba diciendo (que lo va a lograr por) los medios democr\u00e1ticos, que dan la posibilidad de ganar y perder\u201d.<\/p>\n<p>\u201cClaro, ganando la elecci\u00f3n quiero decir. Yo creo, sinceramente, que si no nos unimos los argentinos es muy dif\u00edcil salir\u201d, agreg\u00f3 Duhalde.<\/p>\n<p>El ex mandatario ya gener\u00f3 pol\u00e9mica tiempo atr\u00e1s cuando, en 2020, opin\u00f3 que, dada la crisis econ\u00f3mica y la situaci\u00f3n en la que estaba la Argentina en ese momento por el coronavirus, era \u201crid\u00edculo pensar\u201d que fueran a \u201chaber elecciones\u201d este a\u00f1o.<\/p>\n<p>\u201cLa gente no lo sabe, no lo lee, o se olvida, pero entre el \u201930 y el \u201983 hemos tenido 14 dictaduras militares, quien ignore hoy que el militarismo se est\u00e1 poniendo nuevamente de pie en Am\u00e9rica no conoce lo que est\u00e1 pasando&#8230;\u201d, lanz\u00f3 en aquel entonces.<\/p>\n<p>Luego, el ex jefe de Estado pidi\u00f3 perd\u00f3n p\u00fablicamente por esas declaraciones y asegur\u00f3 que las mismas se debieron a comportamientos \u201cpsic\u00f3ticos\u201d moment\u00e1neos y \u201cdesenganches de la realidad\u201d producto, justamente, a la pandemia.<\/p>\n<p>No obstante, ratific\u00f3 sus diferencias con Cristina Kirchner, a la que calific\u00f3 como \u201cla presidenta de la Rep\u00fablica\u201d, y dud\u00f3 que el peronismo vaya a permitir \u201cel movimiento a la izquierda que pretende el Gobierno\u201d.<\/p>\n<p>\u201cPorque parece que Alberto baj\u00f3 de Sierra Maestra, y lo conozco a Alberto, es un gran amigo m\u00edo y yo no reniego de los amigos, pero lo que pretenden es una cosa que no tiene que ver con el peronismo, que es el gran movimiento del centro\u201d, reiter\u00f3.<\/p>\n<p>INFOBAE.-<\/div>\n","protected":false},"excerpt":{"rendered":"<p>El ex presidente asegur\u00f3 que trabaja para formar una nueva alternativa pol\u00edtica de cara a las elecciones, con el objetivo de \u201ctratar de lograr la unidad de los argentinos\u201d A pocos meses de las pr\u00f3ximas elecciones legislativas el ex presidente Eduardo Duhalde volvi\u00f3 a dar una pol\u00e9mica advertencia al asegurar que va \u201ca tratar por [&hellip;]<\/p>\n","protected":false},"author":1,"featured_media":10436,"comment_status":"closed","ping_status":"closed","sticky":false,"template":"","format":"standard","meta":{"footnotes":""},"categories":[8],"tags":[],"class_list":{"0":"post-10435","1":"post","2":"type-post","3":"status-publish","4":"format-standard","5":"has-post-thumbnail","7":"category-nacionales"},"_links":{"self":[{"href":"https:\/\/chacosintesis.com.ar\/index.php\/wp-json\/wp\/v2\/posts\/10435","targetHints":{"allow":["GET"]}}],"collection":[{"href":"https:\/\/chacosintesis.com.ar\/index.php\/wp-json\/wp\/v2\/posts"}],"about":[{"href":"https:\/\/chacosintesis.com.ar\/index.php\/wp-json\/wp\/v2\/types\/post"}],"author":[{"embeddable":true,"href":"https:\/\/chacosintesis.com.ar\/index.php\/wp-json\/wp\/v2\/users\/1"}],"replies":[{"embeddable":true,"href":"https:\/\/chacosintesis.com.ar\/index.php\/wp-json\/wp\/v2\/comments?post=10435"}],"version-history":[{"count":0,"href":"https:\/\/chacosintesis.com.ar\/index.php\/wp-json\/wp\/v2\/posts\/10435\/revisions"}],"wp:featuredmedia":[{"embeddable":true,"href":"https:\/\/chacosintesis.com.ar\/index.php\/wp-json\/wp\/v2\/media\/10436"}],"wp:attachment":[{"href":"https:\/\/chacosintesis.com.ar\/index.php\/wp-json\/wp\/v2\/media?parent=10435"}],"wp:term":[{"taxonomy":"category","embeddable":true,"href":"https:\/\/chacosintesis.com.ar\/index.php\/wp-json\/wp\/v2\/categories?post=10435"},{"taxonomy":"post_tag","embeddable":true,"href":"https:\/\/chacosintesis.com.ar\/index.php\/wp-json\/wp\/v2\/tags?post=10435"}],"curies":[{"name":"wp","href":"https:\/\/api.w.org\/{rel}","templated":true}]}}