{"id":10429,"date":"2021-06-06T13:12:22","date_gmt":"2021-06-06T16:12:22","guid":{"rendered":"https:\/\/chacosintesis.com.ar\/?p=10429"},"modified":"2021-06-06T13:36:43","modified_gmt":"2021-06-06T16:36:43","slug":"el-seleccionado-argentino-de-futbol-para-ciegos-se-consagro-campeon-en-tokio","status":"publish","type":"post","link":"https:\/\/chacosintesis.com.ar\/index.php\/el-seleccionado-argentino-de-futbol-para-ciegos-se-consagro-campeon-en-tokio\/","title":{"rendered":"El seleccionado argentino de f\u00fatbol para ciegos se consagr\u00f3 campe\u00f3n en Tokio"},"content":{"rendered":"<div dir=\"ltr\">La Selecci\u00f3n Argentina de f\u00fatbol para ciegos derrot\u00f3 2-0 a Jap\u00f3n y se qued\u00f3 con el Grand Prix de Tokio.<\/p>\n<p>Los Murci\u00e9lagos, el seleccionado argentino de f\u00fatbol para ciegos, se consagraron campeones del Grand Prix de Tokio, al derrotar en la final al local Jap\u00f3n, por 2-0. Los goles del conjunto conducido por la dupla t\u00e9cnica que componen Mart\u00edn Demonte-Claudio Falco fueron logrados por el cordob\u00e9s Maximiliano Espinillo, ambos en la primera mitad. Se jugaron dos tiempos de 20 minutos cada uno.<\/p>\n<p>De esta manera, el equipo Albiceleste alcanz\u00f3 el tercer t\u00edtulo consecutivo en este certamen preparatorio para los Juegos Paral\u00edmpicos, que se desarrollar\u00e1n tambi\u00e9n en ese pa\u00eds asi\u00e1tico, a partir de agosto pr\u00f3ximo.<br \/>\u00a0<\/p>\n<p>La alineaci\u00f3n titular contempl\u00f3 a Germ\u00e1n Muleck; Froil\u00e1n Padilla, Angel Deldo, Federico Accardi y Espinillo. Luego ingresaron Ignacio Oviedo, Marcelo Panizza, Jes\u00fas Merlos y Brian Pereyra.<br \/>\u00a0<\/p>\n<p>Los buenos antecedentes<\/p>\n<p>En las ediciones 2018 y 2019, Los Murci\u00e9lagos hab\u00edan doblegado en la final a Inglaterra, en ambas ocasiones. Para arribar a la instancia decisiva, el equipo argentino elabor\u00f3 una campa\u00f1a que comprendi\u00f3 triunfos sobre Francia (1-0), Tailandia (4-3) y Espa\u00f1a (1-0), adem\u00e1s de un empate ante Jap\u00f3n (0-0).<\/p>\n<p>\u00a0<\/p>\n<p>El plantel de Los Murci\u00e9lagos arribar\u00e1 este lunes al Aeropuerto Internacional de Ezeiza.<\/p>\n<p>\u00a0<\/p>\n<p>\/\/Ol\u00e9<\/p><\/div>\n","protected":false},"excerpt":{"rendered":"<p>La Selecci\u00f3n Argentina de f\u00fatbol para ciegos derrot\u00f3 2-0 a Jap\u00f3n y se qued\u00f3 con el Grand Prix de Tokio. Los Murci\u00e9lagos, el seleccionado argentino de f\u00fatbol para ciegos, se consagraron campeones del Grand Prix de Tokio, al derrotar en la final al local Jap\u00f3n, por 2-0. Los goles del conjunto conducido por la dupla [&hellip;]<\/p>\n","protected":false},"author":1,"featured_media":10430,"comment_status":"closed","ping_status":"closed","sticky":false,"template":"","format":"standard","meta":{"footnotes":""},"categories":[8],"tags":[],"class_list":{"0":"post-10429","1":"post","2":"type-post","3":"status-publish","4":"format-standard","5":"has-post-thumbnail","7":"category-nacionales"},"_links":{"self":[{"href":"https:\/\/chacosintesis.com.ar\/index.php\/wp-json\/wp\/v2\/posts\/10429","targetHints":{"allow":["GET"]}}],"collection":[{"href":"https:\/\/chacosintesis.com.ar\/index.php\/wp-json\/wp\/v2\/posts"}],"about":[{"href":"https:\/\/chacosintesis.com.ar\/index.php\/wp-json\/wp\/v2\/types\/post"}],"author":[{"embeddable":true,"href":"https:\/\/chacosintesis.com.ar\/index.php\/wp-json\/wp\/v2\/users\/1"}],"replies":[{"embeddable":true,"href":"https:\/\/chacosintesis.com.ar\/index.php\/wp-json\/wp\/v2\/comments?post=10429"}],"version-history":[{"count":0,"href":"https:\/\/chacosintesis.com.ar\/index.php\/wp-json\/wp\/v2\/posts\/10429\/revisions"}],"wp:featuredmedia":[{"embeddable":true,"href":"https:\/\/chacosintesis.com.ar\/index.php\/wp-json\/wp\/v2\/media\/10430"}],"wp:attachment":[{"href":"https:\/\/chacosintesis.com.ar\/index.php\/wp-json\/wp\/v2\/media?parent=10429"}],"wp:term":[{"taxonomy":"category","embeddable":true,"href":"https:\/\/chacosintesis.com.ar\/index.php\/wp-json\/wp\/v2\/categories?post=10429"},{"taxonomy":"post_tag","embeddable":true,"href":"https:\/\/chacosintesis.com.ar\/index.php\/wp-json\/wp\/v2\/tags?post=10429"}],"curies":[{"name":"wp","href":"https:\/\/api.w.org\/{rel}","templated":true}]}}