{"id":10427,"date":"2021-06-06T12:29:09","date_gmt":"2021-06-06T15:29:09","guid":{"rendered":"https:\/\/chacosintesis.com.ar\/?p=10427"},"modified":"2021-06-06T12:36:41","modified_gmt":"2021-06-06T15:36:41","slug":"un-sismo-de-4-3-grados-se-registro-en-la-puna-jujena","status":"publish","type":"post","link":"https:\/\/chacosintesis.com.ar\/index.php\/un-sismo-de-4-3-grados-se-registro-en-la-puna-jujena\/","title":{"rendered":"Un sismo de 4.3 grados se registr\u00f3 en la Puna juje\u00f1a"},"content":{"rendered":"<div dir=\"ltr\">Un sismo de 4.3 grados de magnitud en la escala de Richter, con epicentro a 33 kil\u00f3metros al sureste de la localidad juje\u00f1a de Catua (departamento Susques, cerca del l\u00edmite con Salta), en la regi\u00f3n de la Puna, se registr\u00f3 esta ma\u00f1ana sin que se reportaran da\u00f1os materiales, informaron fuentes policiales y el Instituto Nacional de Prevenci\u00f3n S\u00edsmica (Inpres).<\/p>\n<p>De acuerdo a lo consignado por el organismo nacional, a trav\u00e9s de su p\u00e1gina web, el temblor alcanz\u00f3 una profundidad de 215 kil\u00f3metros y ocurri\u00f3 a las 09.02.<\/p>\n<p>Se registr\u00f3 a 148 kil\u00f3metros al oeste de San Salvador de Jujuy y 160 kil\u00f3metros al noroeste de la ciudad de Salta, detall\u00f3 el Inpres.<\/p>\n<div><\/div>\n<div>DIARIO PRIMERA LINEA.-<\/div>\n<\/div>\n","protected":false},"excerpt":{"rendered":"<p>Un sismo de 4.3 grados de magnitud en la escala de Richter, con epicentro a 33 kil\u00f3metros al sureste de la localidad juje\u00f1a de Catua (departamento Susques, cerca del l\u00edmite con Salta), en la regi\u00f3n de la Puna, se registr\u00f3 esta ma\u00f1ana sin que se reportaran da\u00f1os materiales, informaron fuentes policiales y el Instituto Nacional [&hellip;]<\/p>\n","protected":false},"author":1,"featured_media":10428,"comment_status":"closed","ping_status":"closed","sticky":false,"template":"","format":"standard","meta":{"footnotes":""},"categories":[8],"tags":[],"class_list":{"0":"post-10427","1":"post","2":"type-post","3":"status-publish","4":"format-standard","5":"has-post-thumbnail","7":"category-nacionales"},"_links":{"self":[{"href":"https:\/\/chacosintesis.com.ar\/index.php\/wp-json\/wp\/v2\/posts\/10427","targetHints":{"allow":["GET"]}}],"collection":[{"href":"https:\/\/chacosintesis.com.ar\/index.php\/wp-json\/wp\/v2\/posts"}],"about":[{"href":"https:\/\/chacosintesis.com.ar\/index.php\/wp-json\/wp\/v2\/types\/post"}],"author":[{"embeddable":true,"href":"https:\/\/chacosintesis.com.ar\/index.php\/wp-json\/wp\/v2\/users\/1"}],"replies":[{"embeddable":true,"href":"https:\/\/chacosintesis.com.ar\/index.php\/wp-json\/wp\/v2\/comments?post=10427"}],"version-history":[{"count":0,"href":"https:\/\/chacosintesis.com.ar\/index.php\/wp-json\/wp\/v2\/posts\/10427\/revisions"}],"wp:featuredmedia":[{"embeddable":true,"href":"https:\/\/chacosintesis.com.ar\/index.php\/wp-json\/wp\/v2\/media\/10428"}],"wp:attachment":[{"href":"https:\/\/chacosintesis.com.ar\/index.php\/wp-json\/wp\/v2\/media?parent=10427"}],"wp:term":[{"taxonomy":"category","embeddable":true,"href":"https:\/\/chacosintesis.com.ar\/index.php\/wp-json\/wp\/v2\/categories?post=10427"},{"taxonomy":"post_tag","embeddable":true,"href":"https:\/\/chacosintesis.com.ar\/index.php\/wp-json\/wp\/v2\/tags?post=10427"}],"curies":[{"name":"wp","href":"https:\/\/api.w.org\/{rel}","templated":true}]}}