{"id":10379,"date":"2021-06-02T10:55:39","date_gmt":"2021-06-02T13:55:39","guid":{"rendered":"https:\/\/chacosintesis.com.ar\/?p=10379"},"modified":"2021-06-02T11:07:22","modified_gmt":"2021-06-02T14:07:22","slug":"coronavirus-un-nuevo-ife-no-esta-descartado-afirmo-el-ministro-arroyo","status":"publish","type":"post","link":"https:\/\/chacosintesis.com.ar\/index.php\/coronavirus-un-nuevo-ife-no-esta-descartado-afirmo-el-ministro-arroyo\/","title":{"rendered":"Coronavirus: \u00abUn nuevo IFE no est\u00e1 descartado\u00bb, afirm\u00f3 el ministro Arroyo"},"content":{"rendered":"<div dir=\"ltr\">\u00abEst\u00e1 claro que estamos en una situaci\u00f3n cr\u00edtica en materia social y evaluamos permanentemente qu\u00e9 medidas de ayuda tenemos que aplicar\u00bb, se\u00f1al\u00f3 Daniel Arroyo.<\/p>\n<p>El ministro de Desarrollo Social, Daniel Arroyo, afirm\u00f3 que la posibilidad de pagar un nuevo Ingreso Familiar de Emergencia (IFE) \u00abno est\u00e1 descartado\u00bb para mitigar los efectos econ\u00f3micos de la segunda ola de coronavirus que atraviesa el pa\u00eds.<\/p>\n<p>\u00abEst\u00e1 claro que estamos en una situaci\u00f3n cr\u00edtica en materia social y evaluamos permanentemente qu\u00e9 medidas de ayuda tenemos que aplicar\u00bb, se\u00f1al\u00f3 el ministro en declaraciones a El Destape Radio.<\/p>\n<p>En ese marco, agreg\u00f3 que \u00abun nuevo IFE no est\u00e1 descartado\u00bb. \u00abDe los 9 millones de personas que recibieron IFE hay 3 que volvieron a la actividad; otros 3 con dificultades y otros 3 con muchas dificultades\u00bb, explic\u00f3 Arroyo.<\/p>\n<p>El funcionario se refiri\u00f3 a la \u00abrealidad de la pobreza\u00bb y dijo que tiene \u00abtres caras: el pobre con trabajo formal, que tiene recibo de sueldo y a\u00fan as\u00ed no le alcanza para llegar a la canasta b\u00e1sica; el que es pobre con trabajo informal y la persona que recibe asistencia del Estado\u00bb.<\/p>\n<p>Durante los \u00faltimos 9 d\u00edas y a ra\u00edz del aislamiento estricto dispuesto por el DNU 334\/2021 para reducir la circulaci\u00f3n del virus \u00abhubo un parate en la actividad informal\u00bb y \u00abhay sectores que requieren ayuda y entonces vamos evaluando permanentemente la situaci\u00f3n\u00bb, dijo el ministro.<\/p>\n<p>A su vez, Arroyo sostuvo que los dos \u00abejes centrales\u00bb de las pol\u00edticas del Estado son la emergencia alimentaria y el trabajo. En relaci\u00f3n al primero, adelant\u00f3 que \u00ablas personas que compren con la Tarjeta Alimentar leche, carne, frutas y verduras tendr\u00e1n descuento del IVA\u00bb.<\/p>\n<p>\u00abLa idea es que paguen menos impuestos los que menos tienen\u00bb, sintetiz\u00f3 el ministro. Adem\u00e1s se desarrollar\u00e1 una aplicaci\u00f3n para el celular de modo tal que \u00abquien tenga la Tarjeta Alimentar pueda comprar no solo en el comercio, sino a los peque\u00f1os productores y emprendedores a trav\u00e9s de un c\u00f3digo QR\u00bb, agreg\u00f3.<\/p>\n<p>En relaci\u00f3n al segundo eje, el del trabajo, Arroyo remarc\u00f3 el Programa Potenciar Trabajo \u00abpara las personas que est\u00e1n en situaciones m\u00e1s cr\u00edticas\u00bb y del Repro2 \u00abque estaba destinado a los del sector privado y se ampli\u00f3 a monotributistas y a emprendedores\u00bb.<\/p>\n<p>Finalmente, declar\u00f3 que \u00abdel aporte a las grandes fortunas el 15 por ciento ir\u00e1 para la urbanizaci\u00f3n de los 4.440 barrios populares\u00bb.<\/p>\n<p>Fuente: TELAM<\/p><\/div>\n","protected":false},"excerpt":{"rendered":"<p>\u00abEst\u00e1 claro que estamos en una situaci\u00f3n cr\u00edtica en materia social y evaluamos permanentemente qu\u00e9 medidas de ayuda tenemos que aplicar\u00bb, se\u00f1al\u00f3 Daniel Arroyo. El ministro de Desarrollo Social, Daniel Arroyo, afirm\u00f3 que la posibilidad de pagar un nuevo Ingreso Familiar de Emergencia (IFE) \u00abno est\u00e1 descartado\u00bb para mitigar los efectos econ\u00f3micos de la segunda [&hellip;]<\/p>\n","protected":false},"author":1,"featured_media":10380,"comment_status":"closed","ping_status":"closed","sticky":false,"template":"","format":"standard","meta":{"footnotes":""},"categories":[8],"tags":[],"class_list":{"0":"post-10379","1":"post","2":"type-post","3":"status-publish","4":"format-standard","5":"has-post-thumbnail","7":"category-nacionales"},"_links":{"self":[{"href":"https:\/\/chacosintesis.com.ar\/index.php\/wp-json\/wp\/v2\/posts\/10379","targetHints":{"allow":["GET"]}}],"collection":[{"href":"https:\/\/chacosintesis.com.ar\/index.php\/wp-json\/wp\/v2\/posts"}],"about":[{"href":"https:\/\/chacosintesis.com.ar\/index.php\/wp-json\/wp\/v2\/types\/post"}],"author":[{"embeddable":true,"href":"https:\/\/chacosintesis.com.ar\/index.php\/wp-json\/wp\/v2\/users\/1"}],"replies":[{"embeddable":true,"href":"https:\/\/chacosintesis.com.ar\/index.php\/wp-json\/wp\/v2\/comments?post=10379"}],"version-history":[{"count":0,"href":"https:\/\/chacosintesis.com.ar\/index.php\/wp-json\/wp\/v2\/posts\/10379\/revisions"}],"wp:featuredmedia":[{"embeddable":true,"href":"https:\/\/chacosintesis.com.ar\/index.php\/wp-json\/wp\/v2\/media\/10380"}],"wp:attachment":[{"href":"https:\/\/chacosintesis.com.ar\/index.php\/wp-json\/wp\/v2\/media?parent=10379"}],"wp:term":[{"taxonomy":"category","embeddable":true,"href":"https:\/\/chacosintesis.com.ar\/index.php\/wp-json\/wp\/v2\/categories?post=10379"},{"taxonomy":"post_tag","embeddable":true,"href":"https:\/\/chacosintesis.com.ar\/index.php\/wp-json\/wp\/v2\/tags?post=10379"}],"curies":[{"name":"wp","href":"https:\/\/api.w.org\/{rel}","templated":true}]}}