{"id":10377,"date":"2021-06-02T10:53:06","date_gmt":"2021-06-02T13:53:06","guid":{"rendered":"https:\/\/chacosintesis.com.ar\/?p=10377"},"modified":"2021-06-02T11:07:21","modified_gmt":"2021-06-02T14:07:21","slug":"santa-fe-murio-de-covid-un-enfermero-que-tenia-las-dos-dosis","status":"publish","type":"post","link":"https:\/\/chacosintesis.com.ar\/index.php\/santa-fe-murio-de-covid-un-enfermero-que-tenia-las-dos-dosis\/","title":{"rendered":"Santa Fe: Muri\u00f3 de Covid un enfermero que ten\u00eda las dos dosis"},"content":{"rendered":"<div dir=\"ltr\">Se trataba de un adulto mayor con comorbilidades e insulinodependiente. &quot;Ten\u00eda las dos vacunas pero no por eso estaba libre de padecer la enfermedad&quot;, dijo una de sus colegas. <\/p>\n<p>Rub\u00e9n Bentos, era enfermero del hospital Roque S\u00e1enz Pe\u00f1a y hac\u00eda m\u00e1s de 20 a\u00f1os que trabajaba en la salud p\u00fablica. <\/p>\n<p>\u201cHoy nos toca despedir a un compa\u00f1ero m\u00e1s, Rub\u00e9n Bentos, con mucha tristeza y angustia. Era un gran compa\u00f1ero, supervisor del \u00e1rea, entr\u00f3 por concurso. Era una persona con gran empat\u00eda\u201d, dijo Gabriela C\u00e1ceres, licenciada en enfermer\u00eda, a La Capital.<\/p>\n<p>Adem\u00e1s, dijo que &quot;hace mucho que venimos reclamando mejores condiciones de trabajo&quot; y agreg\u00f3: &quot;En lo que tiene que ver con recursos humanos, el personal de enfermer\u00eda sigue trabajando pese a tener comorbilidades y nos suspenden vacaciones. Venimos pidiendo que traigan gente nueva como pol\u00edtica de salud, pero no lo hacen. Esper\u00e1bamos 18 personas y lleg\u00f3 apenas una nueva\u201d.<\/p>\n<p>La muerte de Bentos se suma a otros inesperados casos de fallecimientos por coronavirus con la inoculaci\u00f3n completa contra la enfermedad.<\/p>\n<p>Sin embargo, cabe recordar que estas muertes est\u00e1n dentro de lo esperado, ya que como recalca el m\u00e9dico Gerardo Rancigilio &quot;en biolog\u00eda no existe nada que sea 100% efectivo&quot;.<\/p>\n<p>&quot;Lo vemos a diario en la pr\u00e1ctica m\u00e9dica. Las personas no responden igual a todos los medicamentos&quot;, dijo este profesional en di\u00e1logo con Telefe.<\/p>\n<p>CADENA 3.-<\/p><\/div>\n","protected":false},"excerpt":{"rendered":"<p>Se trataba de un adulto mayor con comorbilidades e insulinodependiente. &quot;Ten\u00eda las dos vacunas pero no por eso estaba libre de padecer la enfermedad&quot;, dijo una de sus colegas. Rub\u00e9n Bentos, era enfermero del hospital Roque S\u00e1enz Pe\u00f1a y hac\u00eda m\u00e1s de 20 a\u00f1os que trabajaba en la salud p\u00fablica. \u201cHoy nos toca despedir a [&hellip;]<\/p>\n","protected":false},"author":1,"featured_media":10378,"comment_status":"closed","ping_status":"closed","sticky":false,"template":"","format":"standard","meta":{"footnotes":""},"categories":[8],"tags":[],"class_list":{"0":"post-10377","1":"post","2":"type-post","3":"status-publish","4":"format-standard","5":"has-post-thumbnail","7":"category-nacionales"},"_links":{"self":[{"href":"https:\/\/chacosintesis.com.ar\/index.php\/wp-json\/wp\/v2\/posts\/10377","targetHints":{"allow":["GET"]}}],"collection":[{"href":"https:\/\/chacosintesis.com.ar\/index.php\/wp-json\/wp\/v2\/posts"}],"about":[{"href":"https:\/\/chacosintesis.com.ar\/index.php\/wp-json\/wp\/v2\/types\/post"}],"author":[{"embeddable":true,"href":"https:\/\/chacosintesis.com.ar\/index.php\/wp-json\/wp\/v2\/users\/1"}],"replies":[{"embeddable":true,"href":"https:\/\/chacosintesis.com.ar\/index.php\/wp-json\/wp\/v2\/comments?post=10377"}],"version-history":[{"count":0,"href":"https:\/\/chacosintesis.com.ar\/index.php\/wp-json\/wp\/v2\/posts\/10377\/revisions"}],"wp:featuredmedia":[{"embeddable":true,"href":"https:\/\/chacosintesis.com.ar\/index.php\/wp-json\/wp\/v2\/media\/10378"}],"wp:attachment":[{"href":"https:\/\/chacosintesis.com.ar\/index.php\/wp-json\/wp\/v2\/media?parent=10377"}],"wp:term":[{"taxonomy":"category","embeddable":true,"href":"https:\/\/chacosintesis.com.ar\/index.php\/wp-json\/wp\/v2\/categories?post=10377"},{"taxonomy":"post_tag","embeddable":true,"href":"https:\/\/chacosintesis.com.ar\/index.php\/wp-json\/wp\/v2\/tags?post=10377"}],"curies":[{"name":"wp","href":"https:\/\/api.w.org\/{rel}","templated":true}]}}