{"id":10361,"date":"2021-05-31T19:01:22","date_gmt":"2021-05-31T22:01:22","guid":{"rendered":"https:\/\/chacosintesis.com.ar\/?p=10361"},"modified":"2021-05-31T19:06:42","modified_gmt":"2021-05-31T22:06:42","slug":"se-quedaron-sin-fiesta-de-egresados-por-la-pandemia-pero-donaron-el-dinero-del-salon-a-los-bomberos","status":"publish","type":"post","link":"https:\/\/chacosintesis.com.ar\/index.php\/se-quedaron-sin-fiesta-de-egresados-por-la-pandemia-pero-donaron-el-dinero-del-salon-a-los-bomberos\/","title":{"rendered":"Se quedaron sin fiesta de egresados por la pandemia pero donaron el dinero del sal\u00f3n a los bomberos"},"content":{"rendered":"<div dir=\"ltr\">Ocurri\u00f3 en San Francisco. La decisi\u00f3n fue del grupo de padres del colegio Fasta Inmaculada Concepci\u00f3n, de las especialidades Ciencias Naturales y Sociales.<\/p>\n<p>Un grupo de egresados del colegio Fasta Inmaculada Concepci\u00f3n, de San Francisco, C\u00f3rdoba, se qued\u00f3 sin fiesta de egresados por la pandemia de coronavirus, pero decidi\u00f3 donar el dinero que hab\u00edan juntado para el sal\u00f3n a los bomberos de la localidad.<\/p>\n<p>\u201cGestos como estos hace que nuestra instituci\u00f3n pueda continuar adelante pese a las adversidades\u201d, detallaron los bomberos en el Facebook, agradeciendo la iniciativa de los alumnos y sus padres.<\/p>\n<div><\/div>\n<div>LA VOZ.-<\/p>\n<p><\/div>\n<\/div>\n","protected":false},"excerpt":{"rendered":"<p>Ocurri\u00f3 en San Francisco. La decisi\u00f3n fue del grupo de padres del colegio Fasta Inmaculada Concepci\u00f3n, de las especialidades Ciencias Naturales y Sociales. Un grupo de egresados del colegio Fasta Inmaculada Concepci\u00f3n, de San Francisco, C\u00f3rdoba, se qued\u00f3 sin fiesta de egresados por la pandemia de coronavirus, pero decidi\u00f3 donar el dinero que hab\u00edan juntado [&hellip;]<\/p>\n","protected":false},"author":1,"featured_media":10362,"comment_status":"closed","ping_status":"closed","sticky":false,"template":"","format":"standard","meta":{"footnotes":""},"categories":[8],"tags":[],"class_list":{"0":"post-10361","1":"post","2":"type-post","3":"status-publish","4":"format-standard","5":"has-post-thumbnail","7":"category-nacionales"},"_links":{"self":[{"href":"https:\/\/chacosintesis.com.ar\/index.php\/wp-json\/wp\/v2\/posts\/10361","targetHints":{"allow":["GET"]}}],"collection":[{"href":"https:\/\/chacosintesis.com.ar\/index.php\/wp-json\/wp\/v2\/posts"}],"about":[{"href":"https:\/\/chacosintesis.com.ar\/index.php\/wp-json\/wp\/v2\/types\/post"}],"author":[{"embeddable":true,"href":"https:\/\/chacosintesis.com.ar\/index.php\/wp-json\/wp\/v2\/users\/1"}],"replies":[{"embeddable":true,"href":"https:\/\/chacosintesis.com.ar\/index.php\/wp-json\/wp\/v2\/comments?post=10361"}],"version-history":[{"count":0,"href":"https:\/\/chacosintesis.com.ar\/index.php\/wp-json\/wp\/v2\/posts\/10361\/revisions"}],"wp:featuredmedia":[{"embeddable":true,"href":"https:\/\/chacosintesis.com.ar\/index.php\/wp-json\/wp\/v2\/media\/10362"}],"wp:attachment":[{"href":"https:\/\/chacosintesis.com.ar\/index.php\/wp-json\/wp\/v2\/media?parent=10361"}],"wp:term":[{"taxonomy":"category","embeddable":true,"href":"https:\/\/chacosintesis.com.ar\/index.php\/wp-json\/wp\/v2\/categories?post=10361"},{"taxonomy":"post_tag","embeddable":true,"href":"https:\/\/chacosintesis.com.ar\/index.php\/wp-json\/wp\/v2\/tags?post=10361"}],"curies":[{"name":"wp","href":"https:\/\/api.w.org\/{rel}","templated":true}]}}