{"id":10317,"date":"2021-05-27T13:49:18","date_gmt":"2021-05-27T16:49:18","guid":{"rendered":"https:\/\/chacosintesis.com.ar\/?p=10317"},"modified":"2021-05-27T14:06:52","modified_gmt":"2021-05-27T17:06:52","slug":"caruso-lombardi-ex-dt-de-belgrano-internado-por-coronavirus","status":"publish","type":"post","link":"https:\/\/chacosintesis.com.ar\/index.php\/caruso-lombardi-ex-dt-de-belgrano-internado-por-coronavirus\/","title":{"rendered":"Caruso Lombardi, ex DT de Belgrano, internado por coronavirus"},"content":{"rendered":"<div dir=\"ltr\">Lo inform\u00f3 TyC Sports en la ma\u00f1ana de este jueves.<\/p>\n<p>Ricardo Caruso Lombardi, ex DT de Belgrano, fue internado por coronavirus, inform\u00f3 este jueves TyC Sports.<\/p>\n<p>Caruso hab\u00eda compartido en redes sociales que se hab\u00eda contagiado. \u00c9l y su esposa.<\/p>\n<p>\u201cEn las \u00faltimas horas tuvo que ser hospitalizado para que su estado de salud sea seguido de cerca por personal m\u00e9dico\u201d, precis\u00f3 el portal.<\/p>\n<p>Caruso estuvo en Belgrano desde finales de 2019 y estuvo en buena parte de la campa\u00f1a 2020, cuando se reanud\u00f3 el f\u00fatbol luego del parate por la pandemia.<\/p>\n<div><\/div>\n<div>CADENA 3.-<\/p>\n<\/div>\n<\/div>\n","protected":false},"excerpt":{"rendered":"<p>Lo inform\u00f3 TyC Sports en la ma\u00f1ana de este jueves. Ricardo Caruso Lombardi, ex DT de Belgrano, fue internado por coronavirus, inform\u00f3 este jueves TyC Sports. Caruso hab\u00eda compartido en redes sociales que se hab\u00eda contagiado. \u00c9l y su esposa. \u201cEn las \u00faltimas horas tuvo que ser hospitalizado para que su estado de salud sea [&hellip;]<\/p>\n","protected":false},"author":1,"featured_media":10318,"comment_status":"closed","ping_status":"closed","sticky":false,"template":"","format":"standard","meta":{"footnotes":""},"categories":[8],"tags":[],"class_list":{"0":"post-10317","1":"post","2":"type-post","3":"status-publish","4":"format-standard","5":"has-post-thumbnail","7":"category-nacionales"},"_links":{"self":[{"href":"https:\/\/chacosintesis.com.ar\/index.php\/wp-json\/wp\/v2\/posts\/10317","targetHints":{"allow":["GET"]}}],"collection":[{"href":"https:\/\/chacosintesis.com.ar\/index.php\/wp-json\/wp\/v2\/posts"}],"about":[{"href":"https:\/\/chacosintesis.com.ar\/index.php\/wp-json\/wp\/v2\/types\/post"}],"author":[{"embeddable":true,"href":"https:\/\/chacosintesis.com.ar\/index.php\/wp-json\/wp\/v2\/users\/1"}],"replies":[{"embeddable":true,"href":"https:\/\/chacosintesis.com.ar\/index.php\/wp-json\/wp\/v2\/comments?post=10317"}],"version-history":[{"count":0,"href":"https:\/\/chacosintesis.com.ar\/index.php\/wp-json\/wp\/v2\/posts\/10317\/revisions"}],"wp:featuredmedia":[{"embeddable":true,"href":"https:\/\/chacosintesis.com.ar\/index.php\/wp-json\/wp\/v2\/media\/10318"}],"wp:attachment":[{"href":"https:\/\/chacosintesis.com.ar\/index.php\/wp-json\/wp\/v2\/media?parent=10317"}],"wp:term":[{"taxonomy":"category","embeddable":true,"href":"https:\/\/chacosintesis.com.ar\/index.php\/wp-json\/wp\/v2\/categories?post=10317"},{"taxonomy":"post_tag","embeddable":true,"href":"https:\/\/chacosintesis.com.ar\/index.php\/wp-json\/wp\/v2\/tags?post=10317"}],"curies":[{"name":"wp","href":"https:\/\/api.w.org\/{rel}","templated":true}]}}