{"id":10109,"date":"2021-05-04T19:38:12","date_gmt":"2021-05-04T22:38:12","guid":{"rendered":"https:\/\/chacosintesis.com.ar\/?p=10109"},"modified":"2021-05-04T20:08:09","modified_gmt":"2021-05-04T23:08:09","slug":"cordoba-tirita-con-la-ola-de-frio-nevo-en-el-cerro-champaqui","status":"publish","type":"post","link":"https:\/\/chacosintesis.com.ar\/index.php\/cordoba-tirita-con-la-ola-de-frio-nevo-en-el-cerro-champaqui\/","title":{"rendered":"C\u00f3rdoba tirita con la ola de fr\u00edo: nev\u00f3 en el Cerro Champaqu\u00ed"},"content":{"rendered":"<div dir=\"ltr\">El term\u00f3metro marc\u00f3 temperaturas bajo cero en esa zona de C\u00f3rdoba.<\/p>\n<p>Tal como se hab\u00eda anticipado, la temperatura baj\u00f3 dr\u00e1sticamente en C\u00f3rdoba. Despu\u00e9s del \u201cveranito oto\u00f1al\u201d del domingo, con una m\u00e1xima de 30\u00b0, el cambio de tiempo lleg\u00f3.<\/p>\n<p>El lunes por la tarde, con la rotaci\u00f3n del viento, la temperatura comenz\u00f3 a descender. Este martes, el term\u00f3metro marc\u00f3 hasta dos grados bajo cero en la zona del Cerro Champaqu\u00ed, donde las condiciones meteorol\u00f3gicas hicieron posible que nevara.<\/p>\n<p>En la ciudad de C\u00f3rdoba, en tanto, la m\u00e1xima pronosticada para esta jornada es de 14\u00b0. N\u00famero muy lejano a los 29\u00b0 que hizo ayer.<\/p>\n<div><\/div>\n<div>Lavoz.-<\/p>\n<p><\/div>\n<\/div>\n","protected":false},"excerpt":{"rendered":"<p>El term\u00f3metro marc\u00f3 temperaturas bajo cero en esa zona de C\u00f3rdoba. Tal como se hab\u00eda anticipado, la temperatura baj\u00f3 dr\u00e1sticamente en C\u00f3rdoba. Despu\u00e9s del \u201cveranito oto\u00f1al\u201d del domingo, con una m\u00e1xima de 30\u00b0, el cambio de tiempo lleg\u00f3. El lunes por la tarde, con la rotaci\u00f3n del viento, la temperatura comenz\u00f3 a descender. Este martes, [&hellip;]<\/p>\n","protected":false},"author":1,"featured_media":10110,"comment_status":"closed","ping_status":"closed","sticky":false,"template":"","format":"standard","meta":{"footnotes":""},"categories":[8],"tags":[],"class_list":{"0":"post-10109","1":"post","2":"type-post","3":"status-publish","4":"format-standard","5":"has-post-thumbnail","7":"category-nacionales"},"_links":{"self":[{"href":"https:\/\/chacosintesis.com.ar\/index.php\/wp-json\/wp\/v2\/posts\/10109","targetHints":{"allow":["GET"]}}],"collection":[{"href":"https:\/\/chacosintesis.com.ar\/index.php\/wp-json\/wp\/v2\/posts"}],"about":[{"href":"https:\/\/chacosintesis.com.ar\/index.php\/wp-json\/wp\/v2\/types\/post"}],"author":[{"embeddable":true,"href":"https:\/\/chacosintesis.com.ar\/index.php\/wp-json\/wp\/v2\/users\/1"}],"replies":[{"embeddable":true,"href":"https:\/\/chacosintesis.com.ar\/index.php\/wp-json\/wp\/v2\/comments?post=10109"}],"version-history":[{"count":0,"href":"https:\/\/chacosintesis.com.ar\/index.php\/wp-json\/wp\/v2\/posts\/10109\/revisions"}],"wp:featuredmedia":[{"embeddable":true,"href":"https:\/\/chacosintesis.com.ar\/index.php\/wp-json\/wp\/v2\/media\/10110"}],"wp:attachment":[{"href":"https:\/\/chacosintesis.com.ar\/index.php\/wp-json\/wp\/v2\/media?parent=10109"}],"wp:term":[{"taxonomy":"category","embeddable":true,"href":"https:\/\/chacosintesis.com.ar\/index.php\/wp-json\/wp\/v2\/categories?post=10109"},{"taxonomy":"post_tag","embeddable":true,"href":"https:\/\/chacosintesis.com.ar\/index.php\/wp-json\/wp\/v2\/tags?post=10109"}],"curies":[{"name":"wp","href":"https:\/\/api.w.org\/{rel}","templated":true}]}}