{"id":10099,"date":"2021-05-04T12:46:56","date_gmt":"2021-05-04T15:46:56","guid":{"rendered":"https:\/\/chacosintesis.com.ar\/?p=10099"},"modified":"2021-05-04T13:06:50","modified_gmt":"2021-05-04T16:06:50","slug":"la-corte-fallo-a-favor-de-las-clases-presenciales-en-caba","status":"publish","type":"post","link":"https:\/\/chacosintesis.com.ar\/index.php\/la-corte-fallo-a-favor-de-las-clases-presenciales-en-caba\/","title":{"rendered":"La Corte fall\u00f3 a favor de las clases presenciales en CABA"},"content":{"rendered":"<div dir=\"ltr\">El m\u00e1ximo tribunal respald\u00f3 la autonom\u00eda de la Ciudad de Buenos Aires y le dio la raz\u00f3n a Horacio Rodr\u00edguez Larreta. Se trata de un fallo hist\u00f3rico.<\/p>\n<p>La Corte Suprema de Justicia fall\u00f3 esta ma\u00f1ana a favor del Gobierno porte\u00f1o en su demanda contra el DNU del presidente Alberto Fern\u00e1ndez que suspendi\u00f3 las clases presenciales y as\u00ed respald\u00f3 la autonom\u00eda de la Ciudad para definir sobre la educaci\u00f3n.<\/p>\n<p>El fallo fue un\u00e1nime: Elena Highton de Nolasco se abstuvo de votar puesto que considera que no es competencia de la Corte.<\/p>\n<p>Se trata de un fallo hist\u00f3rico, donde el m\u00e1ximo Tribunal de Justicia reconoci\u00f3 la autonom\u00eda de las provincias para decidir en el derecho de la educaci\u00f3n.<\/p>\n<p>En este punto, el juez Ricardo Lorenzetti destac\u00f3 que &quot;hay un derecho humano a la educaci\u00f3n que debe ser satisfecho de la mayor forma posible, y de eso tienen autonom\u00eda las provincias&quot;, ya que se trata de una de las facultades no delegadas por estas a la Naci\u00f3n en la Constituci\u00f3n.<\/p>\n<p>Informe de Fabio Ferrer.<\/p>\n<p>CADENA 3.-<\/p><\/div>\n","protected":false},"excerpt":{"rendered":"<p>El m\u00e1ximo tribunal respald\u00f3 la autonom\u00eda de la Ciudad de Buenos Aires y le dio la raz\u00f3n a Horacio Rodr\u00edguez Larreta. Se trata de un fallo hist\u00f3rico. La Corte Suprema de Justicia fall\u00f3 esta ma\u00f1ana a favor del Gobierno porte\u00f1o en su demanda contra el DNU del presidente Alberto Fern\u00e1ndez que suspendi\u00f3 las clases presenciales [&hellip;]<\/p>\n","protected":false},"author":1,"featured_media":10100,"comment_status":"closed","ping_status":"closed","sticky":false,"template":"","format":"standard","meta":{"footnotes":""},"categories":[8],"tags":[],"class_list":{"0":"post-10099","1":"post","2":"type-post","3":"status-publish","4":"format-standard","5":"has-post-thumbnail","7":"category-nacionales"},"_links":{"self":[{"href":"https:\/\/chacosintesis.com.ar\/index.php\/wp-json\/wp\/v2\/posts\/10099","targetHints":{"allow":["GET"]}}],"collection":[{"href":"https:\/\/chacosintesis.com.ar\/index.php\/wp-json\/wp\/v2\/posts"}],"about":[{"href":"https:\/\/chacosintesis.com.ar\/index.php\/wp-json\/wp\/v2\/types\/post"}],"author":[{"embeddable":true,"href":"https:\/\/chacosintesis.com.ar\/index.php\/wp-json\/wp\/v2\/users\/1"}],"replies":[{"embeddable":true,"href":"https:\/\/chacosintesis.com.ar\/index.php\/wp-json\/wp\/v2\/comments?post=10099"}],"version-history":[{"count":0,"href":"https:\/\/chacosintesis.com.ar\/index.php\/wp-json\/wp\/v2\/posts\/10099\/revisions"}],"wp:featuredmedia":[{"embeddable":true,"href":"https:\/\/chacosintesis.com.ar\/index.php\/wp-json\/wp\/v2\/media\/10100"}],"wp:attachment":[{"href":"https:\/\/chacosintesis.com.ar\/index.php\/wp-json\/wp\/v2\/media?parent=10099"}],"wp:term":[{"taxonomy":"category","embeddable":true,"href":"https:\/\/chacosintesis.com.ar\/index.php\/wp-json\/wp\/v2\/categories?post=10099"},{"taxonomy":"post_tag","embeddable":true,"href":"https:\/\/chacosintesis.com.ar\/index.php\/wp-json\/wp\/v2\/tags?post=10099"}],"curies":[{"name":"wp","href":"https:\/\/api.w.org\/{rel}","templated":true}]}}