{"id":222049,"date":"2026-05-01T12:03:08","date_gmt":"2026-05-01T15:03:08","guid":{"rendered":"https:\/\/chacosintesis.com.ar\/index.php\/el-tenso-momento-entre-los-representantes-de-israel-y-palestina-en-un-congreso-de-la-fifa\/"},"modified":"2026-05-01T12:03:08","modified_gmt":"2026-05-01T15:03:08","slug":"el-tenso-momento-entre-los-representantes-de-israel-y-palestina-en-un-congreso-de-la-fifa","status":"publish","type":"post","link":"http:\/\/chacosintesis.com.ar\/index.php\/el-tenso-momento-entre-los-representantes-de-israel-y-palestina-en-un-congreso-de-la-fifa\/","title":{"rendered":"El tenso momento entre los representantes de Israel y Palestina en un congreso de la FIFA"},"content":{"rendered":"<p><\/p>\n<div>\t\t<!-- { REGION4 --> <\/p>\n<header class=\"news-headline\">\n<h2 class=\"news-headline__article-summary\">\t\t<\/h2>\n<p id=\"p-1777637940512-72615\" class=\"ignore-parser\">El hecho tuvo lugar en Vancouver, Canad\u00e1. A pesar de la insistencia de Gianni Infantino, el presidente de la Asociaci\u00f3n Palestina de F\u00fatbol, Jibril Rajoub, se neg\u00f3 a saludar al interlocutor israel\u00ed, Basim, Sheikh Suliman.<\/p>\n<\/header>\n<div class=\"detail-highlighted-multimedia content-protected-false\">\n<figure class=\"detail-highlighted-multimedia__figure\">  <img fetchpriority=\"high\" decoding=\"async\" src=\"data:image\/gif;base64,R0lGODlhAQABAIAAAAAAAP\/\/\/ywAAAAAAQABAAACAUwAOw==\" fifu-lazy=\"1\" fifu-data-sizes=\"auto\" fifu-data-srcset=\"https:\/\/i1.wp.com\/chacosintesis.com.ar\/wp-content\/uploads\/2026\/05\/El-tenso-momento-entre-los-representantes-de-Israel-y-Palestina.jpeg?ssl=1&w=75&resize=75&ssl=1 75w, https:\/\/i1.wp.com\/chacosintesis.com.ar\/wp-content\/uploads\/2026\/05\/El-tenso-momento-entre-los-representantes-de-Israel-y-Palestina.jpeg?ssl=1&w=100&resize=100&ssl=1 100w, https:\/\/i1.wp.com\/chacosintesis.com.ar\/wp-content\/uploads\/2026\/05\/El-tenso-momento-entre-los-representantes-de-Israel-y-Palestina.jpeg?ssl=1&w=150&resize=150&ssl=1 150w, https:\/\/i1.wp.com\/chacosintesis.com.ar\/wp-content\/uploads\/2026\/05\/El-tenso-momento-entre-los-representantes-de-Israel-y-Palestina.jpeg?ssl=1&w=240&resize=240&ssl=1 240w, https:\/\/i1.wp.com\/chacosintesis.com.ar\/wp-content\/uploads\/2026\/05\/El-tenso-momento-entre-los-representantes-de-Israel-y-Palestina.jpeg?ssl=1&w=320&resize=320&ssl=1 320w, https:\/\/i1.wp.com\/chacosintesis.com.ar\/wp-content\/uploads\/2026\/05\/El-tenso-momento-entre-los-representantes-de-Israel-y-Palestina.jpeg?ssl=1&w=500&resize=500&ssl=1 500w, https:\/\/i1.wp.com\/chacosintesis.com.ar\/wp-content\/uploads\/2026\/05\/El-tenso-momento-entre-los-representantes-de-Israel-y-Palestina.jpeg?ssl=1&w=640&resize=640&ssl=1 640w, https:\/\/i1.wp.com\/chacosintesis.com.ar\/wp-content\/uploads\/2026\/05\/El-tenso-momento-entre-los-representantes-de-Israel-y-Palestina.jpeg?ssl=1&w=800&resize=800&ssl=1 800w, https:\/\/i1.wp.com\/chacosintesis.com.ar\/wp-content\/uploads\/2026\/05\/El-tenso-momento-entre-los-representantes-de-Israel-y-Palestina.jpeg?ssl=1&w=1024&resize=1024&ssl=1 1024w, https:\/\/i1.wp.com\/chacosintesis.com.ar\/wp-content\/uploads\/2026\/05\/El-tenso-momento-entre-los-representantes-de-Israel-y-Palestina.jpeg?ssl=1&w=1280&resize=1280&ssl=1 1280w, https:\/\/i1.wp.com\/chacosintesis.com.ar\/wp-content\/uploads\/2026\/05\/El-tenso-momento-entre-los-representantes-de-Israel-y-Palestina.jpeg?ssl=1&w=1600&resize=1600&ssl=1 1600w\" fifu-data-src=\"https:\/\/i1.wp.com\/chacosintesis.com.ar\/wp-content\/uploads\/2026\/05\/El-tenso-momento-entre-los-representantes-de-Israel-y-Palestina.jpeg?ssl=1\" class=\"detail-highlighted-multimedia__figure-img img-fluid\" alt=\"Infantino qued\u00f3 en el centro del foco luego del fallido gesto reconciliador.\" width=\"1200\" height=\"800\" crossorigin=\"anonymous\" fetchpriority=\"high\" decode=\"async\"\/><figcaption class=\"detail-highlighted-multimedia__figcaption\">  <span class=\"detail-highlighted-multimedia__copyright\">The Canadian Press<\/span><\/figcaption><\/figure>\n<\/div>\n<article class=\"article-body article-body--first-paragraph content-protected-false\" data-td-script-src=\"https:\/\/www.ambito.com\/td\/modulos\/encuestas\/js\/function-embeds-min-version-1777608493.js\">\n<p id=\"p-1777637895699-39092\"><strong>El Congreso de la <\/strong><a href=\"https:\/\/www.ambito.com\/deportes\/por-presion-las-federaciones-fifa-decide-aumentar-los-premios-del-mundial-2026-n6271625\" target=\"_blank\" rel=\"follow\">Federaci\u00f3n Internacional de F\u00fatbol Asociado (FIFA),<\/a> realizado el pasado jueves en Vancouver, Canad\u00e1, dej\u00f3 una escena que expuso las tensiones geopol\u00edticas que atraviesan al f\u00fatbol internacional. El <strong>presidente de la Asociaci\u00f3n Palestina de F\u00fatbol (APF), Jibril Rajoub<\/strong>, <strong>rechaz\u00f3 estrechar la mano del vicepresidente de la Asociaci\u00f3n de F\u00fatbol de <a href=\"https:\/\/www.ambito.com\/mundo\/israel-aprobo-la-pena-muerte-los-palestinos-condenados-ataques-terroristas-letales-n6261689\" target=\"_blank\" rel=\"follow\"> Israel <\/a>(AFI), Basim Sheikh Suliman<\/strong>, en un gesto que buscaba impulsar el titular del organismo, Gianni Infantino.<\/p>\n<\/article>\n<section class=\"suscription-false printed-edition\" style=\"display:none\">\n<p> El contenido al que quiere acceder es exclusivo para suscriptores.<\/p>\n<p>  <span> <button type=\"button\" name=\"button\" class=\"subscribe-btn mercadopago-btn\">suscribirse<\/button><\/span>  <span class=\"btns\"><button type=\"button\" name=\"button\" class=\"subscribe-btn reload-login\"> ya estoy suscripto<\/button><\/span>  <\/p>\n<\/section>\n<article class=\"article-body article-body--second-paragraph content-protected-false\">\n<p id=\"p-1777637895699-1681\">La escena se dio en el Centro de Convenciones de Vancouver, luego de las exposiciones de ambos dirigentes. Infantino intent\u00f3 reunirlos nuevamente sobre el escenario con la intenci\u00f3n de construir una <strong>imagen de distensi\u00f3n en la antesala del Mundial 2026, en un contexto marcado por la escalada del conflicto en Medio Oriente<\/strong>. Sin embargo, pese a aceptar subir al estrado, Rajoub se mantuvo distante y finalmente abandon\u00f3 el lugar sin concretar el saludo.<\/p>\n<\/article>\n<section class=\"related-news\">\n<div class=\"row row--eq-height\">\n<div class=\"col-12 col-md-6\">\n<article class=\"news-article news-article--landscape-news news-article--landscape-news\">\n<figure class=\"news-article__figure figure\">\t\t<a href=\"https:\/\/www.ambito.com\/mundo\/israel-ataco-hezbola-el-sur-del-libano-medio-del-cese-al-fuego-n6270852\" target=\"\" title=\"\u00e1mbito.com | Israel atac\u00f3 a Hezbol\u00e1 en el sur del L\u00edbano en medio del cese al fuego\" alt=\"\u00e1mbito.com | Israel atac\u00f3 a Hezbol\u00e1 en el sur del L\u00edbano en medio del cese al fuego\" rel=\"noindex nofollow noreferrer\"><br \/>\n\t\t\t\t\t\t\t\t\t\t\t<img loading=\"lazy\" loading=\"lazy\" decoding=\"async\" src=\"data:image\/gif;base64,R0lGODlhAQABAIAAAAAAAP\/\/\/ywAAAAAAQABAAACAUwAOw==\" fifu-lazy=\"1\" fifu-data-sizes=\"auto\" fifu-data-srcset=\"https:\/\/i2.wp.com\/chacosintesis.com.ar\/wp-content\/uploads\/2026\/05\/El-tenso-momento-entre-los-representantes-de-Israel-y-Palestina.jpg?ssl=1&w=75&resize=75&ssl=1 75w, https:\/\/i2.wp.com\/chacosintesis.com.ar\/wp-content\/uploads\/2026\/05\/El-tenso-momento-entre-los-representantes-de-Israel-y-Palestina.jpg?ssl=1&w=100&resize=100&ssl=1 100w, https:\/\/i2.wp.com\/chacosintesis.com.ar\/wp-content\/uploads\/2026\/05\/El-tenso-momento-entre-los-representantes-de-Israel-y-Palestina.jpg?ssl=1&w=150&resize=150&ssl=1 150w, https:\/\/i2.wp.com\/chacosintesis.com.ar\/wp-content\/uploads\/2026\/05\/El-tenso-momento-entre-los-representantes-de-Israel-y-Palestina.jpg?ssl=1&w=240&resize=240&ssl=1 240w, https:\/\/i2.wp.com\/chacosintesis.com.ar\/wp-content\/uploads\/2026\/05\/El-tenso-momento-entre-los-representantes-de-Israel-y-Palestina.jpg?ssl=1&w=320&resize=320&ssl=1 320w, https:\/\/i2.wp.com\/chacosintesis.com.ar\/wp-content\/uploads\/2026\/05\/El-tenso-momento-entre-los-representantes-de-Israel-y-Palestina.jpg?ssl=1&w=500&resize=500&ssl=1 500w, https:\/\/i2.wp.com\/chacosintesis.com.ar\/wp-content\/uploads\/2026\/05\/El-tenso-momento-entre-los-representantes-de-Israel-y-Palestina.jpg?ssl=1&w=640&resize=640&ssl=1 640w, https:\/\/i2.wp.com\/chacosintesis.com.ar\/wp-content\/uploads\/2026\/05\/El-tenso-momento-entre-los-representantes-de-Israel-y-Palestina.jpg?ssl=1&w=800&resize=800&ssl=1 800w, https:\/\/i2.wp.com\/chacosintesis.com.ar\/wp-content\/uploads\/2026\/05\/El-tenso-momento-entre-los-representantes-de-Israel-y-Palestina.jpg?ssl=1&w=1024&resize=1024&ssl=1 1024w, https:\/\/i2.wp.com\/chacosintesis.com.ar\/wp-content\/uploads\/2026\/05\/El-tenso-momento-entre-los-representantes-de-Israel-y-Palestina.jpg?ssl=1&w=1280&resize=1280&ssl=1 1280w, https:\/\/i2.wp.com\/chacosintesis.com.ar\/wp-content\/uploads\/2026\/05\/El-tenso-momento-entre-los-representantes-de-Israel-y-Palestina.jpg?ssl=1&w=1600&resize=1600&ssl=1 1600w\" fifu-data-src=\"https:\/\/i2.wp.com\/chacosintesis.com.ar\/wp-content\/uploads\/2026\/05\/El-tenso-momento-entre-los-representantes-de-Israel-y-Palestina.jpg?ssl=1\" alt=\"Nuevo ataque israel\u00ed contra el sur del L\u00edbano, en medio de la tensi\u00f3n con Hezbol\u00e1. (Imagen de archivo)\" title=\"Nuevo ataque israel\u00ed contra el sur del L\u00edbano, en medio de la tensi\u00f3n con Hezbol\u00e1. (Imagen de archivo)\" width=\"93\" height=\"52\" class=\"news-article__figure-img figure-img img-fluid\"\/>\t\t<\/a><\/figure>\n<\/article><\/div>\n<\/div>\n<\/section>\n<article class=\"article-body article-body--third-paragraph content-protected-false\">\n<h2 id=\"p-1777642333316-52686\">El tenso momento entre los representantes de Israel y Palestina<\/h2>\n<p id=\"p-1777637895699-39425\">Durante su intervenci\u00f3n previa, Rajoub volvi\u00f3 a cuestionar a la FIFA por no avanzar sobre las denuncias presentadas por la APF contra Israel. El dirigente palestino sostiene que se incumplen normas contra la discriminaci\u00f3n al <strong>permitir la participaci\u00f3n de clubes radicados en asentamientos de Cisjordania dentro de la liga israel\u00ed.<\/strong><\/p>\n<\/article>\n<article class=\"article-body article-body--fourth-paragraph content-protected-false\">\n<div contenteditable=\"false\" class=\"embed_cont type_video\" id=\"8218729-1569075041_wrap\">\n<p> ISRAEL PALESTINA FIFA <span onclick=\"parent.parent.TinyMCETdcuerpo.preview_embed('8218729-1569075041')\" class=\"embed_colapse less\" id=\"8218729-1569075041_colapse\">  <\/span> <span onclick=\"parent.parent.TinyMCETdcuerpo.delete_embed('8218729-1569075041')\" class=\"embed_delete less\" id=\"8218729-1569075041_delete\"\/><\/p>\n<div class=\"embed_wrapper-cont\" id=\"p-1777642608488-18066\">\n<div id=\"8218729-1569075041_epigrafe\" class=\"embed_epigrafe\">\n<p id=\"p-1777642743942-28510\">As\u00ed fue el tenso momento entre ambos representantes.<\/p>\n<\/div>\n<p>Fifa TV<\/p>\n<\/div><\/div>\n<p id=\"p-1777637895700-77395\">En ese marco, confirm\u00f3 que el caso ser\u00e1 llevado al <strong>Tribunal de Arbitraje Deportivo,<\/strong> luego de que la <strong>FIFA <\/strong>decidiera en marzo no aplicar sanciones, aludiendo a la complejidad del estatus legal del territorio.<\/p>\n<\/article>\n<article class=\"article-body article-body--fifth-paragraph content-protected-false\">\n<p id=\"p-1777637895700-95379\">En paralelo, el organismo s\u00ed avanz\u00f3 en otro expediente: sancion\u00f3 a la AFI con u$s190.000 por cargos disciplinarios vinculados a \u201cdiscriminaci\u00f3n y abuso racista\u201d, adem\u00e1s de \u201cconducta ofensiva y violaciones de los principios del juego limpio\u201d.<\/p>\n<\/article>\n<article class=\"article-body article-body--remaining-paragraph content-protected-false\">\n<p id=\"p-1777637895700-64275\">Tras el fallido intento de acercamiento, <strong>Infantino tom\u00f3 la palabra para insistir con un mensaje conciliador: \u201cPresidente Rajoub, vicepresidente Suliman: trabajemos juntos. Trabajemos juntos para dar esperanza a los ni\u00f1os. Trabajemos juntos para eso\u201d.<\/strong><\/p>\n<p id=\"p-1777637895700-93446\">Lejos de moderar su postura, Rajoub redobl\u00f3 sus cr\u00edticas en di\u00e1logo con la prensa. Cuestion\u00f3 la legitimidad de Israel dentro del organismo y sostuvo: \u201cDe mi parte, sigo respetando y siguiendo todos los procedimientos legales a trav\u00e9s de las instituciones de la FIFA, pero creo que es momento de entender que <strong>Israel deber\u00eda ser sancionado por las violaciones de los estatutos de la FIFA, de los derechos humanos\u201d.<\/strong><\/p>\n<p id=\"p-1777637895700-24938\">Desde el lado israel\u00ed, el secretario general interino de la AFI, Yariv Teper, evit\u00f3 polemizar, aunque dej\u00f3 abierta la puerta a un eventual di\u00e1logo: \u201cEstamos en el Congreso de la FIFA.<strong> Nuestra misi\u00f3n es promover el f\u00fatbol y un futuro mejor para todas las regiones, y esa es nuestra misi\u00f3n\u201d.<\/strong><\/p>\n<p id=\"p-1777637895700-13899\">La disputa no es nueva. Desde hace a\u00f1os, la dirigencia palestina denuncia que Israel viola los estatutos del f\u00fatbol internacional al integrar a equipos de asentamientos en su competencia dom\u00e9stica. De hecho, hace un a\u00f1o y medio se abri\u00f3 una investigaci\u00f3n disciplinaria tras una nueva objeci\u00f3n formal de la federaci\u00f3n palestina.<\/p>\n<p id=\"p-1777637895700-87826\">El episodio vuelve a evidenciar c\u00f3mo el conflicto pol\u00edtico en Medio Oriente impacta directamente en organismos globales como la FIFA, en un escenario donde los intentos de neutralidad institucional chocan con tensiones cada vez m\u00e1s dif\u00edciles de disimular.<\/p>\n<\/article>\n<p>\t\t\t\t<!-- REGION4 } -->\n\t\t\t\t\t\t<\/div>\n<p><script>\n!function(f,b,e,v,n,t,s)\n{if(f.fbq)return;n=f.fbq=function(){n.callMethod?\nn.callMethod.apply(n,arguments):n.queue.push(arguments)};\nif(!f._fbq)f._fbq=n;n.push=n;n.loaded=!0;n.version='2.0';\nn.queue=[];t=b.createElement(e);t.async=!0;\nt.src=v;s=b.getElementsByTagName(e)[0];\ns.parentNode.insertBefore(t,s)}(window,document,'script',\n'https:\/\/connect.facebook.net\/en_US\/fbevents.js');\nfbq('init', '2047048335588113');\nfbq('track', 'PageView');\n<\/script><\/p>\n<p>Ambito.-<\/p>\n","protected":false},"excerpt":{"rendered":"<p>El hecho tuvo lugar en Vancouver, Canad\u00e1. A pesar de la insistencia de Gianni Infantino, el presidente de la Asociaci\u00f3n Palestina de F\u00fatbol, Jibril Rajoub, se neg\u00f3 a saludar al interlocutor israel\u00ed, Basim, Sheikh Suliman. The Canadian Press El Congreso de la Federaci\u00f3n Internacional de F\u00fatbol Asociado (FIFA), realizado el pasado jueves en Vancouver, Canad\u00e1, [&hellip;]<\/p>\n","protected":false},"author":1,"featured_media":222059,"comment_status":"closed","ping_status":"","sticky":false,"template":"","format":"standard","meta":{"footnotes":""},"categories":[7],"tags":[],"class_list":{"0":"post-222049","1":"post","2":"type-post","3":"status-publish","4":"format-standard","5":"has-post-thumbnail","7":"category-deportes"},"_links":{"self":[{"href":"http:\/\/chacosintesis.com.ar\/index.php\/wp-json\/wp\/v2\/posts\/222049","targetHints":{"allow":["GET"]}}],"collection":[{"href":"http:\/\/chacosintesis.com.ar\/index.php\/wp-json\/wp\/v2\/posts"}],"about":[{"href":"http:\/\/chacosintesis.com.ar\/index.php\/wp-json\/wp\/v2\/types\/post"}],"author":[{"embeddable":true,"href":"http:\/\/chacosintesis.com.ar\/index.php\/wp-json\/wp\/v2\/users\/1"}],"replies":[{"embeddable":true,"href":"http:\/\/chacosintesis.com.ar\/index.php\/wp-json\/wp\/v2\/comments?post=222049"}],"version-history":[{"count":0,"href":"http:\/\/chacosintesis.com.ar\/index.php\/wp-json\/wp\/v2\/posts\/222049\/revisions"}],"wp:featuredmedia":[{"embeddable":true,"href":"http:\/\/chacosintesis.com.ar\/index.php\/wp-json\/wp\/v2\/media\/222059"}],"wp:attachment":[{"href":"http:\/\/chacosintesis.com.ar\/index.php\/wp-json\/wp\/v2\/media?parent=222049"}],"wp:term":[{"taxonomy":"category","embeddable":true,"href":"http:\/\/chacosintesis.com.ar\/index.php\/wp-json\/wp\/v2\/categories?post=222049"},{"taxonomy":"post_tag","embeddable":true,"href":"http:\/\/chacosintesis.com.ar\/index.php\/wp-json\/wp\/v2\/tags?post=222049"}],"curies":[{"name":"wp","href":"https:\/\/api.w.org\/{rel}","templated":true}]}}