{"id":221903,"date":"2026-04-30T20:05:16","date_gmt":"2026-04-30T23:05:16","guid":{"rendered":"https:\/\/chacosintesis.com.ar\/index.php\/como-sigue-la-salud-de-diego-peretti-tras-su-internacion_a69f3b3d77825f88153b4007b\/"},"modified":"2026-04-30T20:05:16","modified_gmt":"2026-04-30T23:05:16","slug":"como-sigue-la-salud-de-diego-peretti-tras-su-internacion_a69f3b3d77825f88153b4007b","status":"publish","type":"post","link":"http:\/\/chacosintesis.com.ar\/index.php\/como-sigue-la-salud-de-diego-peretti-tras-su-internacion_a69f3b3d77825f88153b4007b\/","title":{"rendered":"C\u00f3mo sigue la salud de Diego Peretti tras su internaci\u00f3n"},"content":{"rendered":"<p><\/p>\n<div itemprop=\"articleBody\">\n<p><a href=\"\/\"><strong>Buenos Aires, 30 abril (NA) <\/strong><\/a>\u2013 La salud del actor <strong>Diego Peretti<\/strong> est\u00e1 bajo la lupa. En las \u00faltimas horas trascendi\u00f3 que estuvo internado en el <strong>ICBA (Instituto Cardiovascular)<\/strong> desde el pasado martes y se someti\u00f3 a una angioplastia, bajo el diagn\u00f3stico de una <strong>cardiopat\u00eda isqu\u00e9mica<\/strong>.<\/p>\n<p>Seg\u00fan supo la <strong>Agencia Noticias Argentinas<\/strong>, el actor se vio obligado a suspender las funciones de su obra <i><strong>El jefe del jefe<\/strong><\/i>, pero las retomar\u00eda la semana que viene. Tiene una funci\u00f3n programada para el 8 de mayo.<\/p>\n<p>La periodista Maribel Leone dio detalles sobre la intervenci\u00f3n. Seg\u00fan su informaci\u00f3n, todo surgi\u00f3 a partir de un estudio de chequeo de rutina el d\u00eda martes. Los m\u00e9dicos notaron una irregularidad y decidieron dejarlo internado por precauci\u00f3n para realizar estudios de mayor rigor, derivando en la intervenci\u00f3n del pasado mi\u00e9rcoles.<\/p>\n<p><tadevel-ad  class=\"block-4d\" slot-id=\"article-inline-01\"\/><\/p>\n<p style=\"--ipspy: __IP__;color: __IP__;text-decoration: __IP__;\" alt=\"__IP__\" data-ipspy=\"__IP__\" title=\"__IP__\">&#8220;\u00c9l se fue a hacerse un estudio de chequeo del coraz\u00f3n y los m\u00e9dicos decidieron dejarlo internado por precauci\u00f3n, para realizarle m\u00e1s estudios de rigor&#8221;, explic\u00f3. &#8220;<strong>Ayer le colocaron un stent; sali\u00f3 todo bien. El diagn\u00f3stico es una cardiopat\u00eda isqu\u00e9mica, que se da cuando las arterias coronarias se estrechan<\/strong>&#8220;, sum\u00f3.<span style=\"opacity: 0;\" data-nosnippet=\"\">__IP__<\/span><\/p>\n<p>Para llevar tranquilidad, asegur\u00f3 que la intervenci\u00f3n \u201csali\u00f3 bien\u201d y que en los pr\u00f3ximos d\u00edas recibir\u00eda el alta m\u00e9dica: &#8220;<strong>Es probable que en los pr\u00f3ximos d\u00edas reciba el alta<\/strong>, pero va a tener que guardar reposo. \u00c9l est\u00e1 haciendo la obra <i>El jefe del jefe<\/i> en el Paseo La Plaza y tuvieron que suspender las funciones por esta semana; luego vuelve a subirse a las tablas&#8221;, revel\u00f3.<\/p>\n<p><a href=\"\/-agenciana_t6916e70a4551e78eb9423f59\">#AgenciaNA<\/a>\u00a0<\/p>\n<\/div>\n<p><img decoding=\"async\" src=\"data:image\/gif;base64,R0lGODlhAQABAIAAAAAAAP\/\/\/ywAAAAAAQABAAACAUwAOw==\" fifu-lazy=\"1\" fifu-data-sizes=\"auto\" fifu-data-srcset=\"https:\/\/i2.wp.com\/chacosintesis.com.ar\/wp-content\/uploads\/2026\/04\/1777590316_992_Como-sigue-la-salud-de-Diego-Peretti-tras-su-internacion.jpeg?ssl=1&w=75&resize=75&ssl=1 75w, https:\/\/i2.wp.com\/chacosintesis.com.ar\/wp-content\/uploads\/2026\/04\/1777590316_992_Como-sigue-la-salud-de-Diego-Peretti-tras-su-internacion.jpeg?ssl=1&w=100&resize=100&ssl=1 100w, https:\/\/i2.wp.com\/chacosintesis.com.ar\/wp-content\/uploads\/2026\/04\/1777590316_992_Como-sigue-la-salud-de-Diego-Peretti-tras-su-internacion.jpeg?ssl=1&w=150&resize=150&ssl=1 150w, https:\/\/i2.wp.com\/chacosintesis.com.ar\/wp-content\/uploads\/2026\/04\/1777590316_992_Como-sigue-la-salud-de-Diego-Peretti-tras-su-internacion.jpeg?ssl=1&w=240&resize=240&ssl=1 240w, https:\/\/i2.wp.com\/chacosintesis.com.ar\/wp-content\/uploads\/2026\/04\/1777590316_992_Como-sigue-la-salud-de-Diego-Peretti-tras-su-internacion.jpeg?ssl=1&w=320&resize=320&ssl=1 320w, https:\/\/i2.wp.com\/chacosintesis.com.ar\/wp-content\/uploads\/2026\/04\/1777590316_992_Como-sigue-la-salud-de-Diego-Peretti-tras-su-internacion.jpeg?ssl=1&w=500&resize=500&ssl=1 500w, https:\/\/i2.wp.com\/chacosintesis.com.ar\/wp-content\/uploads\/2026\/04\/1777590316_992_Como-sigue-la-salud-de-Diego-Peretti-tras-su-internacion.jpeg?ssl=1&w=640&resize=640&ssl=1 640w, https:\/\/i2.wp.com\/chacosintesis.com.ar\/wp-content\/uploads\/2026\/04\/1777590316_992_Como-sigue-la-salud-de-Diego-Peretti-tras-su-internacion.jpeg?ssl=1&w=800&resize=800&ssl=1 800w, https:\/\/i2.wp.com\/chacosintesis.com.ar\/wp-content\/uploads\/2026\/04\/1777590316_992_Como-sigue-la-salud-de-Diego-Peretti-tras-su-internacion.jpeg?ssl=1&w=1024&resize=1024&ssl=1 1024w, https:\/\/i2.wp.com\/chacosintesis.com.ar\/wp-content\/uploads\/2026\/04\/1777590316_992_Como-sigue-la-salud-de-Diego-Peretti-tras-su-internacion.jpeg?ssl=1&w=1280&resize=1280&ssl=1 1280w, https:\/\/i2.wp.com\/chacosintesis.com.ar\/wp-content\/uploads\/2026\/04\/1777590316_992_Como-sigue-la-salud-de-Diego-Peretti-tras-su-internacion.jpeg?ssl=1&w=1600&resize=1600&ssl=1 1600w\" fifu-data-src=\"https:\/\/i2.wp.com\/chacosintesis.com.ar\/wp-content\/uploads\/2026\/04\/1777590316_992_Como-sigue-la-salud-de-Diego-Peretti-tras-su-internacion.jpeg?ssl=1\"><\/p>\n<p>Noticias Argentinas<\/p>\n","protected":false},"excerpt":{"rendered":"<p>Buenos Aires, 30 abril (NA) \u2013 La salud del actor Diego Peretti est\u00e1 bajo la lupa. En las \u00faltimas horas trascendi\u00f3 que estuvo internado en el ICBA (Instituto Cardiovascular) desde el pasado martes y se someti\u00f3 a una angioplastia, bajo el diagn\u00f3stico de una cardiopat\u00eda isqu\u00e9mica. Seg\u00fan supo la Agencia Noticias Argentinas, el actor se [&hellip;]<\/p>\n","protected":false},"author":1,"featured_media":221914,"comment_status":"closed","ping_status":"","sticky":false,"template":"","format":"standard","meta":{"footnotes":""},"categories":[188],"tags":[],"class_list":{"0":"post-221903","1":"post","2":"type-post","3":"status-publish","4":"format-standard","5":"has-post-thumbnail","7":"category-farandula"},"_links":{"self":[{"href":"http:\/\/chacosintesis.com.ar\/index.php\/wp-json\/wp\/v2\/posts\/221903","targetHints":{"allow":["GET"]}}],"collection":[{"href":"http:\/\/chacosintesis.com.ar\/index.php\/wp-json\/wp\/v2\/posts"}],"about":[{"href":"http:\/\/chacosintesis.com.ar\/index.php\/wp-json\/wp\/v2\/types\/post"}],"author":[{"embeddable":true,"href":"http:\/\/chacosintesis.com.ar\/index.php\/wp-json\/wp\/v2\/users\/1"}],"replies":[{"embeddable":true,"href":"http:\/\/chacosintesis.com.ar\/index.php\/wp-json\/wp\/v2\/comments?post=221903"}],"version-history":[{"count":0,"href":"http:\/\/chacosintesis.com.ar\/index.php\/wp-json\/wp\/v2\/posts\/221903\/revisions"}],"wp:featuredmedia":[{"embeddable":true,"href":"http:\/\/chacosintesis.com.ar\/index.php\/wp-json\/wp\/v2\/media\/221914"}],"wp:attachment":[{"href":"http:\/\/chacosintesis.com.ar\/index.php\/wp-json\/wp\/v2\/media?parent=221903"}],"wp:term":[{"taxonomy":"category","embeddable":true,"href":"http:\/\/chacosintesis.com.ar\/index.php\/wp-json\/wp\/v2\/categories?post=221903"},{"taxonomy":"post_tag","embeddable":true,"href":"http:\/\/chacosintesis.com.ar\/index.php\/wp-json\/wp\/v2\/tags?post=221903"}],"curies":[{"name":"wp","href":"https:\/\/api.w.org\/{rel}","templated":true}]}}