{"id":221821,"date":"2026-04-30T12:15:00","date_gmt":"2026-04-30T15:15:00","guid":{"rendered":"https:\/\/chacosintesis.com.ar\/?p=221821"},"modified":"2026-04-30T16:36:48","modified_gmt":"2026-04-30T19:36:48","slug":"saenz-pena-el-municipio-avanza-con-la-pavimentacion-de-calles-en-distintos-barrios","status":"publish","type":"post","link":"http:\/\/chacosintesis.com.ar\/index.php\/saenz-pena-el-municipio-avanza-con-la-pavimentacion-de-calles-en-distintos-barrios\/","title":{"rendered":"S\u00e1enz Pe\u00f1a: El municipio avanza con la pavimentaci\u00f3n de calles en distintos barrios"},"content":{"rendered":"\n<p>En la ma\u00f1ana del jueves, el municipio continu\u00f3 con los trabajos de pavimentaci\u00f3n en los barrios Judicial y Reserva Este.<br>En el barrio Judicial, la Secretar\u00eda de Servicios P\u00fablicos avanz\u00f3 con el hormigonado de la calle 25 (al costado del Parque Tem\u00e1tico), en el tramo comprendido entre las calles 2 y la 6. Cabe recordar que previamente se ejecutaron trabajos de pavimentaci\u00f3n con adoquines en la calle 25 bis, entre 4 y 6. Actualmente, las tareas contin\u00faan con hormig\u00f3n en el sector entre calles 2 y 4, y posteriormente se completar\u00e1 el tramo restante hasta la calle 6.<\/p>\n\n\n\n<figure class=\"wp-block-image size-full\"><img decoding=\"async\" src=\"data:image\/gif;base64,R0lGODlhAQABAIAAAAAAAP\/\/\/ywAAAAAAQABAAACAUwAOw==\" fifu-lazy=\"1\" fifu-data-sizes=\"auto\" fifu-data-srcset=\"https:\/\/i1.wp.com\/chacosintesis.com.ar\/wp-content\/uploads\/2026\/04\/WhatsApp-Image-2026-04-30-at-11.34.37-1.jpeg?ssl=1&w=75&resize=75&ssl=1 75w, https:\/\/i1.wp.com\/chacosintesis.com.ar\/wp-content\/uploads\/2026\/04\/WhatsApp-Image-2026-04-30-at-11.34.37-1.jpeg?ssl=1&w=100&resize=100&ssl=1 100w, https:\/\/i1.wp.com\/chacosintesis.com.ar\/wp-content\/uploads\/2026\/04\/WhatsApp-Image-2026-04-30-at-11.34.37-1.jpeg?ssl=1&w=150&resize=150&ssl=1 150w, https:\/\/i1.wp.com\/chacosintesis.com.ar\/wp-content\/uploads\/2026\/04\/WhatsApp-Image-2026-04-30-at-11.34.37-1.jpeg?ssl=1&w=240&resize=240&ssl=1 240w, https:\/\/i1.wp.com\/chacosintesis.com.ar\/wp-content\/uploads\/2026\/04\/WhatsApp-Image-2026-04-30-at-11.34.37-1.jpeg?ssl=1&w=320&resize=320&ssl=1 320w, https:\/\/i1.wp.com\/chacosintesis.com.ar\/wp-content\/uploads\/2026\/04\/WhatsApp-Image-2026-04-30-at-11.34.37-1.jpeg?ssl=1&w=500&resize=500&ssl=1 500w, https:\/\/i1.wp.com\/chacosintesis.com.ar\/wp-content\/uploads\/2026\/04\/WhatsApp-Image-2026-04-30-at-11.34.37-1.jpeg?ssl=1&w=640&resize=640&ssl=1 640w, https:\/\/i1.wp.com\/chacosintesis.com.ar\/wp-content\/uploads\/2026\/04\/WhatsApp-Image-2026-04-30-at-11.34.37-1.jpeg?ssl=1&w=800&resize=800&ssl=1 800w, https:\/\/i1.wp.com\/chacosintesis.com.ar\/wp-content\/uploads\/2026\/04\/WhatsApp-Image-2026-04-30-at-11.34.37-1.jpeg?ssl=1&w=1024&resize=1024&ssl=1 1024w, https:\/\/i1.wp.com\/chacosintesis.com.ar\/wp-content\/uploads\/2026\/04\/WhatsApp-Image-2026-04-30-at-11.34.37-1.jpeg?ssl=1&w=1280&resize=1280&ssl=1 1280w, https:\/\/i1.wp.com\/chacosintesis.com.ar\/wp-content\/uploads\/2026\/04\/WhatsApp-Image-2026-04-30-at-11.34.37-1.jpeg?ssl=1&w=1600&resize=1600&ssl=1 1600w\" fifu-data-src=\"https:\/\/i1.wp.com\/chacosintesis.com.ar\/wp-content\/uploads\/2026\/04\/WhatsApp-Image-2026-04-30-at-11.34.37-1.jpeg?ssl=1\" alt=\"\" class=\"wp-image-221822\"\/><\/figure>\n\n\n\n<p>Por su parte, en el barrio Reserva Este, la Secretar\u00eda de Obras P\u00fablicas trabaja en la pavimentaci\u00f3n de la calle 00, entre calles 7 y 9. En ese sector ya se complet\u00f3 el tramo comprendido entre calles 9 y 11, y una vez finalizada la obra se lograr\u00e1 la conexi\u00f3n con la calle 7, que se encuentra pavimentada desde la calle 000 hacia el oeste.<\/p>\n\n\n\n<figure class=\"wp-block-image size-full\"><img decoding=\"async\" src=\"data:image\/gif;base64,R0lGODlhAQABAIAAAAAAAP\/\/\/ywAAAAAAQABAAACAUwAOw==\" fifu-lazy=\"1\" fifu-data-sizes=\"auto\" fifu-data-srcset=\"https:\/\/i3.wp.com\/chacosintesis.com.ar\/wp-content\/uploads\/2026\/04\/WhatsApp-Image-2026-04-30-at-11.34.29.jpeg?ssl=1&w=75&resize=75&ssl=1 75w, https:\/\/i3.wp.com\/chacosintesis.com.ar\/wp-content\/uploads\/2026\/04\/WhatsApp-Image-2026-04-30-at-11.34.29.jpeg?ssl=1&w=100&resize=100&ssl=1 100w, https:\/\/i3.wp.com\/chacosintesis.com.ar\/wp-content\/uploads\/2026\/04\/WhatsApp-Image-2026-04-30-at-11.34.29.jpeg?ssl=1&w=150&resize=150&ssl=1 150w, https:\/\/i3.wp.com\/chacosintesis.com.ar\/wp-content\/uploads\/2026\/04\/WhatsApp-Image-2026-04-30-at-11.34.29.jpeg?ssl=1&w=240&resize=240&ssl=1 240w, https:\/\/i3.wp.com\/chacosintesis.com.ar\/wp-content\/uploads\/2026\/04\/WhatsApp-Image-2026-04-30-at-11.34.29.jpeg?ssl=1&w=320&resize=320&ssl=1 320w, https:\/\/i3.wp.com\/chacosintesis.com.ar\/wp-content\/uploads\/2026\/04\/WhatsApp-Image-2026-04-30-at-11.34.29.jpeg?ssl=1&w=500&resize=500&ssl=1 500w, https:\/\/i3.wp.com\/chacosintesis.com.ar\/wp-content\/uploads\/2026\/04\/WhatsApp-Image-2026-04-30-at-11.34.29.jpeg?ssl=1&w=640&resize=640&ssl=1 640w, https:\/\/i3.wp.com\/chacosintesis.com.ar\/wp-content\/uploads\/2026\/04\/WhatsApp-Image-2026-04-30-at-11.34.29.jpeg?ssl=1&w=800&resize=800&ssl=1 800w, https:\/\/i3.wp.com\/chacosintesis.com.ar\/wp-content\/uploads\/2026\/04\/WhatsApp-Image-2026-04-30-at-11.34.29.jpeg?ssl=1&w=1024&resize=1024&ssl=1 1024w, https:\/\/i3.wp.com\/chacosintesis.com.ar\/wp-content\/uploads\/2026\/04\/WhatsApp-Image-2026-04-30-at-11.34.29.jpeg?ssl=1&w=1280&resize=1280&ssl=1 1280w, https:\/\/i3.wp.com\/chacosintesis.com.ar\/wp-content\/uploads\/2026\/04\/WhatsApp-Image-2026-04-30-at-11.34.29.jpeg?ssl=1&w=1600&resize=1600&ssl=1 1600w\" fifu-data-src=\"https:\/\/i3.wp.com\/chacosintesis.com.ar\/wp-content\/uploads\/2026\/04\/WhatsApp-Image-2026-04-30-at-11.34.29.jpeg?ssl=1\" alt=\"\" class=\"wp-image-221823\"\/><\/figure>\n\n\n\n<p>Estas intervenciones beneficiar\u00e1n a vecinos de esos barrios y zonas aleda\u00f1as, mejorando la circulaci\u00f3n vehicular, la conectividad y la calidad de vida de los saenzpe\u00f1enses.\u00a0<\/p>\n\n\n\n<p><\/p>\n","protected":false},"excerpt":{"rendered":"<p>En la ma\u00f1ana del jueves, el municipio continu\u00f3 con los trabajos de pavimentaci\u00f3n en los barrios Judicial y Reserva Este.En el barrio Judicial, la Secretar\u00eda de Servicios P\u00fablicos avanz\u00f3 con el hormigonado de la calle 25 (al costado del Parque Tem\u00e1tico), en el tramo comprendido entre las calles 2 y la 6. Cabe recordar que [&hellip;]<\/p>\n","protected":false},"author":10001,"featured_media":221824,"comment_status":"closed","ping_status":"closed","sticky":false,"template":"","format":"standard","meta":{"footnotes":""},"categories":[6],"tags":[628],"class_list":{"0":"post-221821","1":"post","2":"type-post","3":"status-publish","4":"format-standard","5":"has-post-thumbnail","7":"category-chaco","8":"tag-saenzpena"},"_links":{"self":[{"href":"http:\/\/chacosintesis.com.ar\/index.php\/wp-json\/wp\/v2\/posts\/221821","targetHints":{"allow":["GET"]}}],"collection":[{"href":"http:\/\/chacosintesis.com.ar\/index.php\/wp-json\/wp\/v2\/posts"}],"about":[{"href":"http:\/\/chacosintesis.com.ar\/index.php\/wp-json\/wp\/v2\/types\/post"}],"author":[{"embeddable":true,"href":"http:\/\/chacosintesis.com.ar\/index.php\/wp-json\/wp\/v2\/users\/10001"}],"replies":[{"embeddable":true,"href":"http:\/\/chacosintesis.com.ar\/index.php\/wp-json\/wp\/v2\/comments?post=221821"}],"version-history":[{"count":1,"href":"http:\/\/chacosintesis.com.ar\/index.php\/wp-json\/wp\/v2\/posts\/221821\/revisions"}],"predecessor-version":[{"id":221829,"href":"http:\/\/chacosintesis.com.ar\/index.php\/wp-json\/wp\/v2\/posts\/221821\/revisions\/221829"}],"wp:featuredmedia":[{"embeddable":true,"href":"http:\/\/chacosintesis.com.ar\/index.php\/wp-json\/wp\/v2\/media\/221824"}],"wp:attachment":[{"href":"http:\/\/chacosintesis.com.ar\/index.php\/wp-json\/wp\/v2\/media?parent=221821"}],"wp:term":[{"taxonomy":"category","embeddable":true,"href":"http:\/\/chacosintesis.com.ar\/index.php\/wp-json\/wp\/v2\/categories?post=221821"},{"taxonomy":"post_tag","embeddable":true,"href":"http:\/\/chacosintesis.com.ar\/index.php\/wp-json\/wp\/v2\/tags?post=221821"}],"curies":[{"name":"wp","href":"https:\/\/api.w.org\/{rel}","templated":true}]}}