{"id":221769,"date":"2026-04-30T14:07:20","date_gmt":"2026-04-30T17:07:20","guid":{"rendered":"http:\/\/chacosintesis.com.ar\/index.php\/pampa-del-indio-el-gobierno-provincial-comenzo-las-obras-que-conectaran-el-salado-y-el-guaycuru-para-beneficiar-a-productores\/"},"modified":"2026-04-30T14:08:11","modified_gmt":"2026-04-30T17:08:11","slug":"pampa-del-indio-el-gobierno-provincial-comenzo-las-obras-que-conectaran-el-salado-y-el-guaycuru-para-beneficiar-a-productores","status":"publish","type":"post","link":"http:\/\/chacosintesis.com.ar\/index.php\/pampa-del-indio-el-gobierno-provincial-comenzo-las-obras-que-conectaran-el-salado-y-el-guaycuru-para-beneficiar-a-productores\/","title":{"rendered":"Pampa Del Indio: El Gobierno Provincial Comenz\u00f3 Las Obras Que Conectar\u00e1n El Salado Y El Guaycur\u00fa Para Beneficiar A Productores"},"content":{"rendered":"<p><\/p>\n<div id=\"\">\n<div><strong>En un hecho considerado hist\u00f3rico para la regi\u00f3n, el Gobierno provincial comenz\u00f3 en Pampa del Indio las obras de canalizaci\u00f3n y alcantarillado que permitir\u00e1n conectar el riacho El Salado con el Guaycur\u00fa Grande, una intervenci\u00f3n largamente esperada que apunta a mejorar el escurrimiento del agua y brindar alivio a productores afectados por anegamientos.<\/strong><\/p>\n<p>Los trabajos se desarrollan en las zonas de Campo Alemani y Colonia Mixta, y forman parte de una acci\u00f3n coordinada entre la Direcci\u00f3n de Vialidad Provincial (Delegaci\u00f3n V), la Administraci\u00f3n Provincial del Agua (APA), la Co.M.A.S N\u00b0 1, con su presidente Elbio Alexis Gamecho, la coordinaci\u00f3n provincial del ProDeR (Programa de Desarrollo Rural) y el Consorcio Caminero local.<br \/>Durante una recorrida por el lugar, la concejal Paola Novotny destac\u00f3 el valor de las gestiones realizadas junto a su par V\u00edctor Maidana y el trabajo articulado con las instituciones involucradas. \u201cEstas obras son el resultado de un trabajo sostenido en el tiempo. Hemos gestionado para llevar una soluci\u00f3n concreta a esta zona productiva. Hoy vemos que empieza a hacerse realidad desde el gobierno provincial, un alivio muy necesario para nuestros productores\u201d, expres\u00f3.<br \/>La intervenci\u00f3n contempla la construcci\u00f3n de un nuevo sistema de alcantarillado que permitir\u00e1 el drenaje eficiente del agua desde el sistema h\u00eddrico del Salado hacia el Guaycur\u00fa Grande, optimizando la circulaci\u00f3n y reduciendo el impacto de lluvias intensas en los campos.<br \/>Novotny tambi\u00e9n subray\u00f3 el acompa\u00f1amiento del gobernador Leandro Zdero en la concreci\u00f3n de estas acciones: \u201cLos productores ven\u00edan reclamando soluciones y hoy comienzan a llegar respuestas concretas\u201d, afirm\u00f3.<br \/>Desde el Departamento Libertador General San Mart\u00edn remarcaron que Pampa del Indio forma parte de una planificaci\u00f3n estrat\u00e9gica del Gobierno provincial, destacando la importancia de esta obra dentro de una pol\u00edtica de fortalecimiento de la infraestructura rural.<br \/>La ejecuci\u00f3n est\u00e1 a cargo de Vialidad Provincial junto al Consorcio Caminero local. M\u00e1s all\u00e1 de su impacto t\u00e9cnico, representa una se\u00f1al clara de desarrollo, previsibilidad y acompa\u00f1amiento estatal para una zona que durante a\u00f1os enfrent\u00f3 dificultades ante cada evento clim\u00e1tico.<br \/>Con m\u00e1quinas en funcionamiento y avances visibles en el territorio, Pampa del Indio comienza a transitar un nuevo escenario, donde la infraestructura impulsa la producci\u00f3n y mejora la calidad de vida de las comunidades rurales.<\/p>\n<\/div><\/div>\n","protected":false},"excerpt":{"rendered":"<p>En un hecho considerado hist\u00f3rico para la regi\u00f3n, el Gobierno provincial comenz\u00f3 en Pampa del Indio las obras de canalizaci\u00f3n y alcantarillado que permitir\u00e1n conectar el riacho El Salado con el Guaycur\u00fa Grande, una intervenci\u00f3n largamente esperada que apunta a mejorar el escurrimiento del agua y brindar alivio a productores afectados por anegamientos. Los trabajos [&hellip;]<\/p>\n","protected":false},"author":1,"featured_media":221780,"comment_status":"closed","ping_status":"","sticky":false,"template":"","format":"standard","meta":{"footnotes":""},"categories":[6],"tags":[],"class_list":{"0":"post-221769","1":"post","2":"type-post","3":"status-publish","4":"format-standard","5":"has-post-thumbnail","7":"category-chaco"},"_links":{"self":[{"href":"http:\/\/chacosintesis.com.ar\/index.php\/wp-json\/wp\/v2\/posts\/221769","targetHints":{"allow":["GET"]}}],"collection":[{"href":"http:\/\/chacosintesis.com.ar\/index.php\/wp-json\/wp\/v2\/posts"}],"about":[{"href":"http:\/\/chacosintesis.com.ar\/index.php\/wp-json\/wp\/v2\/types\/post"}],"author":[{"embeddable":true,"href":"http:\/\/chacosintesis.com.ar\/index.php\/wp-json\/wp\/v2\/users\/1"}],"replies":[{"embeddable":true,"href":"http:\/\/chacosintesis.com.ar\/index.php\/wp-json\/wp\/v2\/comments?post=221769"}],"version-history":[{"count":1,"href":"http:\/\/chacosintesis.com.ar\/index.php\/wp-json\/wp\/v2\/posts\/221769\/revisions"}],"predecessor-version":[{"id":221781,"href":"http:\/\/chacosintesis.com.ar\/index.php\/wp-json\/wp\/v2\/posts\/221769\/revisions\/221781"}],"wp:featuredmedia":[{"embeddable":true,"href":"http:\/\/chacosintesis.com.ar\/index.php\/wp-json\/wp\/v2\/media\/221780"}],"wp:attachment":[{"href":"http:\/\/chacosintesis.com.ar\/index.php\/wp-json\/wp\/v2\/media?parent=221769"}],"wp:term":[{"taxonomy":"category","embeddable":true,"href":"http:\/\/chacosintesis.com.ar\/index.php\/wp-json\/wp\/v2\/categories?post=221769"},{"taxonomy":"post_tag","embeddable":true,"href":"http:\/\/chacosintesis.com.ar\/index.php\/wp-json\/wp\/v2\/tags?post=221769"}],"curies":[{"name":"wp","href":"https:\/\/api.w.org\/{rel}","templated":true}]}}