{"id":221731,"date":"2026-04-30T12:06:10","date_gmt":"2026-04-30T15:06:10","guid":{"rendered":"http:\/\/chacosintesis.com.ar\/index.php\/deporte-e-inclusion-finalizo-la-liga-metropolitana-de-newcom-en-el-jaime-zapata\/"},"modified":"2026-04-30T12:07:04","modified_gmt":"2026-04-30T15:07:04","slug":"deporte-e-inclusion-finalizo-la-liga-metropolitana-de-newcom-en-el-jaime-zapata","status":"publish","type":"post","link":"http:\/\/chacosintesis.com.ar\/index.php\/deporte-e-inclusion-finalizo-la-liga-metropolitana-de-newcom-en-el-jaime-zapata\/","title":{"rendered":"Deporte E Inclusi\u00f3n: Finaliz\u00f3 La Liga Metropolitana De Newcom En El Jaime Zapata"},"content":{"rendered":"<p><\/p>\n<div id=\"\">\n<div><strong>Con una amplia participaci\u00f3n y un fuerte esp\u00edritu de inclusi\u00f3n, se llev\u00f3 a cabo el cierre de la Liga Metropolitana de Newcom, organizada por el Instituto del Deporte Chaque\u00f1o a trav\u00e9s del \u00e1rea de Deportes Comunitarios. El certamen reuni\u00f3 a m\u00e1s de 60 equipos en las categor\u00edas +50 mixto y +60 mixto.<\/strong><\/p>\n<p>Las finales se disputaron en el microestadio del polideportivo Jaime Zapata, en Resistencia, donde se vivi\u00f3 una jornada cargada de emoci\u00f3n y compa\u00f1erismo. La bienvenida estuvo a cargo del vicepresidente del Instituto del Deporte Chaque\u00f1o, profesor Gabriel Pellegrini.<br \/>Al finalizar la competencia, se realiz\u00f3 la entrega de premios a los equipos destacados, adem\u00e1s de la distribuci\u00f3n de elementos deportivos como parte del acompa\u00f1amiento institucional a la disciplina.<\/p>\n<p><strong>GANADORES<\/strong><\/p>\n<p>Categor\u00eda +50<br \/>1\u00b0 Aguar\u00e1<br \/>2\u00b0 CEF 23 de Margarita Bel\u00e9n.\u00a0<\/p>\n<p>Categor\u00eda +60<br \/>1\u00b0 Resistencia<br \/>2\u00b0 Trascender<\/p>\n<p>Desde la organizaci\u00f3n destacaron que el objetivo principal de la liga fue promover la sana competencia, la integraci\u00f3n y la participaci\u00f3n activa de adultos mayores en espacios deportivos, fortaleciendo valores como el compa\u00f1erismo, el respeto y la vida saludable.<\/p>\n<\/div><\/div>\n","protected":false},"excerpt":{"rendered":"<p>Con una amplia participaci\u00f3n y un fuerte esp\u00edritu de inclusi\u00f3n, se llev\u00f3 a cabo el cierre de la Liga Metropolitana de Newcom, organizada por el Instituto del Deporte Chaque\u00f1o a trav\u00e9s del \u00e1rea de Deportes Comunitarios. El certamen reuni\u00f3 a m\u00e1s de 60 equipos en las categor\u00edas +50 mixto y +60 mixto. Las finales se [&hellip;]<\/p>\n","protected":false},"author":1,"featured_media":221742,"comment_status":"closed","ping_status":"","sticky":false,"template":"","format":"standard","meta":{"footnotes":""},"categories":[6],"tags":[],"class_list":{"0":"post-221731","1":"post","2":"type-post","3":"status-publish","4":"format-standard","5":"has-post-thumbnail","7":"category-chaco"},"_links":{"self":[{"href":"http:\/\/chacosintesis.com.ar\/index.php\/wp-json\/wp\/v2\/posts\/221731","targetHints":{"allow":["GET"]}}],"collection":[{"href":"http:\/\/chacosintesis.com.ar\/index.php\/wp-json\/wp\/v2\/posts"}],"about":[{"href":"http:\/\/chacosintesis.com.ar\/index.php\/wp-json\/wp\/v2\/types\/post"}],"author":[{"embeddable":true,"href":"http:\/\/chacosintesis.com.ar\/index.php\/wp-json\/wp\/v2\/users\/1"}],"replies":[{"embeddable":true,"href":"http:\/\/chacosintesis.com.ar\/index.php\/wp-json\/wp\/v2\/comments?post=221731"}],"version-history":[{"count":1,"href":"http:\/\/chacosintesis.com.ar\/index.php\/wp-json\/wp\/v2\/posts\/221731\/revisions"}],"predecessor-version":[{"id":221743,"href":"http:\/\/chacosintesis.com.ar\/index.php\/wp-json\/wp\/v2\/posts\/221731\/revisions\/221743"}],"wp:featuredmedia":[{"embeddable":true,"href":"http:\/\/chacosintesis.com.ar\/index.php\/wp-json\/wp\/v2\/media\/221742"}],"wp:attachment":[{"href":"http:\/\/chacosintesis.com.ar\/index.php\/wp-json\/wp\/v2\/media?parent=221731"}],"wp:term":[{"taxonomy":"category","embeddable":true,"href":"http:\/\/chacosintesis.com.ar\/index.php\/wp-json\/wp\/v2\/categories?post=221731"},{"taxonomy":"post_tag","embeddable":true,"href":"http:\/\/chacosintesis.com.ar\/index.php\/wp-json\/wp\/v2\/tags?post=221731"}],"curies":[{"name":"wp","href":"https:\/\/api.w.org\/{rel}","templated":true}]}}