{"id":221497,"date":"2026-04-29T17:03:07","date_gmt":"2026-04-29T20:03:07","guid":{"rendered":"https:\/\/chacosintesis.com.ar\/index.php\/resistencia-un-hombre-murio-electrocutado-en-avenida-castelli-ultimo-momento-en-chaco\/"},"modified":"2026-04-29T17:03:07","modified_gmt":"2026-04-29T20:03:07","slug":"resistencia-un-hombre-murio-electrocutado-en-avenida-castelli-ultimo-momento-en-chaco","status":"publish","type":"post","link":"http:\/\/chacosintesis.com.ar\/index.php\/resistencia-un-hombre-murio-electrocutado-en-avenida-castelli-ultimo-momento-en-chaco\/","title":{"rendered":"RESISTENCIA: Un Hombre Muri\u00f3 Electrocutado En Avenida Castelli | \u00daltimo momento en Chaco"},"content":{"rendered":"<p><img decoding=\"async\" src=\"\"><\/p>\n<div id=\"\">\n<div class=\"entry-meta\">\n<p>29-Abr-26  En la tarde de este mi\u00e9rcoles, cerca de las 15, personal de la Divisi\u00f3n Patrulla Preventiva intervino en un incidente ocurrido en un predio ubicado sobre la avenida Castelli al 3200.<\/p>\n<div class=\"heateor_sss_sharing_container heateor_sss_horizontal_sharing\" data-heateor-sss-href=\"https:\/\/www.noticiasdelparana.com.ar\/NuevaEdicion\/2026\/04\/29\/un-hombre-murio-electrocutado-en-avenida-castelli\/\">\n<p>Compart\u00ed esta nota en tus redes sociales&#8230;<\/p>\n<\/div>\n<p><span class=\"posted-on\"><span class=\"screen-reader-text\">Posted on<\/span> <a href=\"https:\/\/www.noticiasdelparana.com.ar\/NuevaEdicion\/2026\/04\/29\/un-hombre-murio-electrocutado-en-avenida-castelli\/\" rel=\"bookmark\"><time class=\"entry-date published\" datetime=\"2026-04-29T16:36:58-03:00\">29 abril, 2026<\/time><time class=\"updated\" datetime=\"2026-04-29T16:44:37-03:00\">29 abril, 2026<\/time><\/a>\t\t\t\t\t<\/span><\/div>\n<p><!-- .entry-meta -->\n\t<\/div>\n<div>\n<div class=\"heateor_sss_sharing_container heateor_sss_horizontal_sharing\" data-heateor-sss-href=\"https:\/\/www.noticiasdelparana.com.ar\/NuevaEdicion\/2026\/04\/29\/un-hombre-murio-electrocutado-en-avenida-castelli\/\">\n<p>Compart\u00ed esta nota en tus redes sociales&#8230;<\/p>\n<\/div><\/div>\n<\/p>\n<p>El hecho gener\u00f3 repercusi\u00f3n en la comunidad y mantiene en alerta a vecinos de la zona.<\/p>\n<p>Se esperan novedades en las pr\u00f3ximas horas por parte de las autoridades en la provincia del <a href=\"https:\/\/chacosintesis.com.ar\/index.php\/category\/chaco\/\">chaco<\/a>.<\/p>\n<p><strong>Seguinos para m\u00e1s informaci\u00f3n actualizada.<\/strong><\/p>\n","protected":false},"excerpt":{"rendered":"<p>29-Abr-26 En la tarde de este mi\u00e9rcoles, cerca de las 15, personal de la Divisi\u00f3n Patrulla Preventiva intervino en un incidente ocurrido en un predio ubicado sobre la avenida Castelli al 3200. Compart\u00ed esta nota en tus redes sociales&#8230; Posted on 29 abril, 202629 abril, 2026 Compart\u00ed esta nota en tus redes sociales&#8230; El hecho [&hellip;]<\/p>\n","protected":false},"author":1,"featured_media":0,"comment_status":"closed","ping_status":"","sticky":false,"template":"","format":"standard","meta":{"footnotes":""},"categories":[5],"tags":[],"class_list":{"0":"post-221497","1":"post","2":"type-post","3":"status-publish","4":"format-standard","6":"category-policiales"},"_links":{"self":[{"href":"http:\/\/chacosintesis.com.ar\/index.php\/wp-json\/wp\/v2\/posts\/221497","targetHints":{"allow":["GET"]}}],"collection":[{"href":"http:\/\/chacosintesis.com.ar\/index.php\/wp-json\/wp\/v2\/posts"}],"about":[{"href":"http:\/\/chacosintesis.com.ar\/index.php\/wp-json\/wp\/v2\/types\/post"}],"author":[{"embeddable":true,"href":"http:\/\/chacosintesis.com.ar\/index.php\/wp-json\/wp\/v2\/users\/1"}],"replies":[{"embeddable":true,"href":"http:\/\/chacosintesis.com.ar\/index.php\/wp-json\/wp\/v2\/comments?post=221497"}],"version-history":[{"count":0,"href":"http:\/\/chacosintesis.com.ar\/index.php\/wp-json\/wp\/v2\/posts\/221497\/revisions"}],"wp:attachment":[{"href":"http:\/\/chacosintesis.com.ar\/index.php\/wp-json\/wp\/v2\/media?parent=221497"}],"wp:term":[{"taxonomy":"category","embeddable":true,"href":"http:\/\/chacosintesis.com.ar\/index.php\/wp-json\/wp\/v2\/categories?post=221497"},{"taxonomy":"post_tag","embeddable":true,"href":"http:\/\/chacosintesis.com.ar\/index.php\/wp-json\/wp\/v2\/tags?post=221497"}],"curies":[{"name":"wp","href":"https:\/\/api.w.org\/{rel}","templated":true}]}}