{"id":221423,"date":"2026-04-29T14:02:08","date_gmt":"2026-04-29T17:02:08","guid":{"rendered":"https:\/\/chacosintesis.com.ar\/index.php\/resistencia-hallaron-sano-y-salvo-al-joven-que-era-buscado-hace-tres-dias-ultimo-momento-en-chaco\/"},"modified":"2026-04-29T14:03:02","modified_gmt":"2026-04-29T17:03:02","slug":"resistencia-hallaron-sano-y-salvo-al-joven-que-era-buscado-hace-tres-dias-ultimo-momento-en-chaco","status":"publish","type":"post","link":"http:\/\/chacosintesis.com.ar\/index.php\/resistencia-hallaron-sano-y-salvo-al-joven-que-era-buscado-hace-tres-dias-ultimo-momento-en-chaco\/","title":{"rendered":"RESISTENCIA: Hallaron Sano Y Salvo Al Joven Que Era Buscado Hace Tres D\u00edas | \u00daltimo momento en Chaco"},"content":{"rendered":"<p><img decoding=\"async\" src=\"\"><\/p>\n<div id=\"post-363334\">\n<p><\/p>\n<div class=\"single-post-image\">\n<figure><\/figure>\n<\/p><\/div>\n<p><!-- .single-post-image --><br \/>\n\t\t<!-- .entry-header --><\/p>\n<div class=\"entry-content\">\n<p>El joven hab\u00eda sido visto por \u00faltima vez el pasado 26 de abril en inmediaciones de avenida Alberdi y Fort\u00edn Rivadavia, por lo que se hab\u00eda activado el pedido de colaboraci\u00f3n a la comunidad para obtener informaci\u00f3n sobre su ubicaci\u00f3n.<\/p>\n<p>Luego de tareas investigativas y averiguaciones realizadas por personal policial, finalmente fue hallado en buen estado de salud, por lo que qued\u00f3 sin efecto la solicitud de paradero vigente.<\/p>\n<p>Desde la Polic\u00eda se agradece la colaboraci\u00f3n brindada por vecinos y medios de comunicaci\u00f3n durante la b\u00fasqueda.<\/p>\n<div class=\"heateor_sss_sharing_container heateor_sss_horizontal_sharing\" data-heateor-sss-href=\"https:\/\/www.noticiasdelparana.com.ar\/NuevaEdicion\/2026\/04\/29\/resistencia-hallaron-sano-y-salvo-al-joven-que-era-buscado-hace-tres-dias\/\">\n<p>Compart\u00ed esta nota en tus redes sociales&#8230;<\/p>\n<\/div><\/div>\n<p><!-- .entry-content --><\/p>\n<p>\t<!-- .entry-footer -->\n<\/div>\n<\/p>\n<p>El hecho gener\u00f3 repercusi\u00f3n en la comunidad y mantiene en alerta a vecinos de la zona.<\/p>\n<p>Se esperan novedades en las pr\u00f3ximas horas por parte de las autoridades en la provincia del <a href=\"https:\/\/chacosintesis.com.ar\/index.php\/category\/chaco\/\">chaco<\/a>.<\/p>\n<p><strong>Seguinos para m\u00e1s informaci\u00f3n actualizada.<\/strong><\/p>\n","protected":false},"excerpt":{"rendered":"<p>El joven hab\u00eda sido visto por \u00faltima vez el pasado 26 de abril en inmediaciones de avenida Alberdi y Fort\u00edn Rivadavia, por lo que se hab\u00eda activado el pedido de colaboraci\u00f3n a la comunidad para obtener informaci\u00f3n sobre su ubicaci\u00f3n. Luego de tareas investigativas y averiguaciones realizadas por personal policial, finalmente fue hallado en buen [&hellip;]<\/p>\n","protected":false},"author":1,"featured_media":221434,"comment_status":"closed","ping_status":"","sticky":false,"template":"","format":"standard","meta":{"footnotes":""},"categories":[5],"tags":[],"class_list":{"0":"post-221423","1":"post","2":"type-post","3":"status-publish","4":"format-standard","5":"has-post-thumbnail","7":"category-policiales"},"_links":{"self":[{"href":"http:\/\/chacosintesis.com.ar\/index.php\/wp-json\/wp\/v2\/posts\/221423","targetHints":{"allow":["GET"]}}],"collection":[{"href":"http:\/\/chacosintesis.com.ar\/index.php\/wp-json\/wp\/v2\/posts"}],"about":[{"href":"http:\/\/chacosintesis.com.ar\/index.php\/wp-json\/wp\/v2\/types\/post"}],"author":[{"embeddable":true,"href":"http:\/\/chacosintesis.com.ar\/index.php\/wp-json\/wp\/v2\/users\/1"}],"replies":[{"embeddable":true,"href":"http:\/\/chacosintesis.com.ar\/index.php\/wp-json\/wp\/v2\/comments?post=221423"}],"version-history":[{"count":1,"href":"http:\/\/chacosintesis.com.ar\/index.php\/wp-json\/wp\/v2\/posts\/221423\/revisions"}],"predecessor-version":[{"id":221435,"href":"http:\/\/chacosintesis.com.ar\/index.php\/wp-json\/wp\/v2\/posts\/221423\/revisions\/221435"}],"wp:featuredmedia":[{"embeddable":true,"href":"http:\/\/chacosintesis.com.ar\/index.php\/wp-json\/wp\/v2\/media\/221434"}],"wp:attachment":[{"href":"http:\/\/chacosintesis.com.ar\/index.php\/wp-json\/wp\/v2\/media?parent=221423"}],"wp:term":[{"taxonomy":"category","embeddable":true,"href":"http:\/\/chacosintesis.com.ar\/index.php\/wp-json\/wp\/v2\/categories?post=221423"},{"taxonomy":"post_tag","embeddable":true,"href":"http:\/\/chacosintesis.com.ar\/index.php\/wp-json\/wp\/v2\/tags?post=221423"}],"curies":[{"name":"wp","href":"https:\/\/api.w.org\/{rel}","templated":true}]}}