{"id":221364,"date":"2026-04-29T11:01:12","date_gmt":"2026-04-29T14:01:12","guid":{"rendered":"https:\/\/chacosintesis.com.ar\/index.php\/saenz-pena-secuestran-un-ventilador-en-recorridas-de-prevencion-ultimo-momento-en-chaco\/"},"modified":"2026-04-29T11:02:03","modified_gmt":"2026-04-29T14:02:03","slug":"saenz-pena-secuestran-un-ventilador-en-recorridas-de-prevencion-ultimo-momento-en-chaco","status":"publish","type":"post","link":"http:\/\/chacosintesis.com.ar\/index.php\/saenz-pena-secuestran-un-ventilador-en-recorridas-de-prevencion-ultimo-momento-en-chaco\/","title":{"rendered":"SAENZ PE\u00d1A: Secuestran Un Ventilador En Recorridas De Prevenci\u00f3n | \u00daltimo momento en Chaco"},"content":{"rendered":"<p><img decoding=\"async\" src=\"\"><\/p>\n<div id=\"post-363289\">\n<p><\/p>\n<div class=\"single-post-image\">\n<figure><\/figure>\n<\/p><\/div>\n<p><!-- .single-post-image --><br \/>\n\t\t<!-- .entry-header --><\/p>\n<div class=\"entry-content\">\n<p>El procedimiento ocurri\u00f3 cerca de la 1:10 en el barrio Matadero, tras un llamado an\u00f3nimo que alert\u00f3 sobre un sujeto que llevaba un ventilador de dudosa procedencia.<\/p>\n<p>Al llegar\u00a0 al lugar, personal policial observ\u00f3 al sospechoso, quien al notar la presencia del m\u00f3vil abandon\u00f3 el objeto y huy\u00f3 a pie.<\/p>\n<p>Posteriormente, los agentes secuestraron un ventilador de pie e iniciaron actuaciones correspondientes\u00a0 para establecer su procedencia y localizar tanto al autor como al due\u00f1o.\u00a0\u00a0<\/p>\n<div class=\"heateor_sss_sharing_container heateor_sss_horizontal_sharing\" data-heateor-sss-href=\"https:\/\/www.noticiasdelparana.com.ar\/NuevaEdicion\/2026\/04\/29\/saenz-pena-secuestran-un-ventilador-en-recorridas-de-prevencion\/\">\n<p>Compart\u00ed esta nota en tus redes sociales&#8230;<\/p>\n<\/div><\/div>\n<p><!-- .entry-content --><\/p>\n<p>\t<!-- .entry-footer -->\n<\/div>\n<\/p>\n<p>El hecho gener\u00f3 repercusi\u00f3n en la comunidad y mantiene en alerta a vecinos de la zona.<\/p>\n<p>Se esperan novedades en las pr\u00f3ximas horas por parte de las autoridades en la provincia del <a href=\"https:\/\/chacosintesis.com.ar\/index.php\/category\/chaco\/\">chaco<\/a>.<\/p>\n<p><strong>Seguinos para m\u00e1s informaci\u00f3n actualizada.<\/strong><\/p>\n","protected":false},"excerpt":{"rendered":"<p>El procedimiento ocurri\u00f3 cerca de la 1:10 en el barrio Matadero, tras un llamado an\u00f3nimo que alert\u00f3 sobre un sujeto que llevaba un ventilador de dudosa procedencia. Al llegar\u00a0 al lugar, personal policial observ\u00f3 al sospechoso, quien al notar la presencia del m\u00f3vil abandon\u00f3 el objeto y huy\u00f3 a pie. Posteriormente, los agentes secuestraron un [&hellip;]<\/p>\n","protected":false},"author":1,"featured_media":221375,"comment_status":"closed","ping_status":"","sticky":false,"template":"","format":"standard","meta":{"footnotes":""},"categories":[5],"tags":[],"class_list":{"0":"post-221364","1":"post","2":"type-post","3":"status-publish","4":"format-standard","5":"has-post-thumbnail","7":"category-policiales"},"_links":{"self":[{"href":"http:\/\/chacosintesis.com.ar\/index.php\/wp-json\/wp\/v2\/posts\/221364","targetHints":{"allow":["GET"]}}],"collection":[{"href":"http:\/\/chacosintesis.com.ar\/index.php\/wp-json\/wp\/v2\/posts"}],"about":[{"href":"http:\/\/chacosintesis.com.ar\/index.php\/wp-json\/wp\/v2\/types\/post"}],"author":[{"embeddable":true,"href":"http:\/\/chacosintesis.com.ar\/index.php\/wp-json\/wp\/v2\/users\/1"}],"replies":[{"embeddable":true,"href":"http:\/\/chacosintesis.com.ar\/index.php\/wp-json\/wp\/v2\/comments?post=221364"}],"version-history":[{"count":1,"href":"http:\/\/chacosintesis.com.ar\/index.php\/wp-json\/wp\/v2\/posts\/221364\/revisions"}],"predecessor-version":[{"id":221376,"href":"http:\/\/chacosintesis.com.ar\/index.php\/wp-json\/wp\/v2\/posts\/221364\/revisions\/221376"}],"wp:featuredmedia":[{"embeddable":true,"href":"http:\/\/chacosintesis.com.ar\/index.php\/wp-json\/wp\/v2\/media\/221375"}],"wp:attachment":[{"href":"http:\/\/chacosintesis.com.ar\/index.php\/wp-json\/wp\/v2\/media?parent=221364"}],"wp:term":[{"taxonomy":"category","embeddable":true,"href":"http:\/\/chacosintesis.com.ar\/index.php\/wp-json\/wp\/v2\/categories?post=221364"},{"taxonomy":"post_tag","embeddable":true,"href":"http:\/\/chacosintesis.com.ar\/index.php\/wp-json\/wp\/v2\/tags?post=221364"}],"curies":[{"name":"wp","href":"https:\/\/api.w.org\/{rel}","templated":true}]}}